{"id":65553,"date":"2019-07-18T13:00:26","date_gmt":"2019-07-18T16:00:26","guid":{"rendered":"https:\/\/www.cordobatimes.com\/showup\/?p=65553"},"modified":"2019-07-18T20:12:06","modified_gmt":"2019-07-18T23:12:06","slug":"trailer-final-de-it-2","status":"publish","type":"post","link":"https:\/\/www.cordobatimes.com\/showup\/cine-y-series\/2019\/07\/18\/trailer-final-de-it-2\/","title":{"rendered":"Trailer final de \u00abIt 2\u00bb"},"content":{"rendered":"<h3><b>El avance fue presentado en exclusiva en la Comic Con y ahora fue liberado para todo p\u00fablico.<\/b><\/h3>\n<p>La Comic Con de San Diego ya est\u00e1 en marcha y con ella comenz\u00f3 a circular material que los cin\u00e9filos esperaban con ansias, como el nuevo tr\u00e1iler de It 2.<\/p>\n<blockquote class=\"twitter-tweet\">\n<p dir=\"ltr\" lang=\"en\">IT ends September 6. Trailer TOMORROW 9AM PT. \ud83c\udf88\ud83c\udf88<a href=\"https:\/\/twitter.com\/hashtag\/ITMovie?src=hash&amp;ref_src=twsrc%5Etfw\">#ITMovie<\/a> <a href=\"https:\/\/t.co\/JY6o96JioH\">pic.twitter.com\/JY6o96JioH<\/a><\/p>\n<p>\u2014 IT Chapter Two \ud83c\udf88\ud83c\udf88 (@ITMovieOfficial) <a href=\"https:\/\/twitter.com\/ITMovieOfficial\/status\/1151521946254708736?ref_src=twsrc%5Etfw\">July 17, 2019<\/a><\/p><\/blockquote>\n<p><script async src=\"https:\/\/platform.twitter.com\/widgets.js\" charset=\"utf-8\"><\/script><\/p>\n<p>Un grupo de fans tuvo la oportunidad de ver el nuevo avance del filme el mi\u00e9rcoles por la noche en el Teatro Spreckels de San Diego, algunas horas antes de su estreno mundial. Por suerte el tr\u00e1iler ya est\u00e1 disponible para que los desafortunados que no pudimos ver el avance en exclusiva al menos podamos hacerlo ahora.<\/p>\n<p>Como era de esperar, las nuevas im\u00e1genes son escalofriantes y terror\u00edficas, y todo indica que el argentino Muschietti redoblar\u00e1 la apuesta respecto a la primera parte.<\/p>\n<p>\u201cEn la adormecida ciudad de Derry, el malvado payaso Pennywise regresa 27 a\u00f1os m\u00e1s tarde para atormentar a los miembros adultos del Club de los Perdedores, que desde hace mucho tiempo se han alejado unos de otros\u201d, adelanta la sinopsis oficial de la pel\u00edcula, que llegar\u00e1 a los cines el 5 de septiembre.<\/p>\n<h3><strong>Un rodaje dif\u00edcil<\/strong><\/h3>\n<p>Durante la Comic Con, actores del elenco de It 2 -entre ellos a James McAvoy, Bill Hader y Jessica Chastain- describieron la intensidad del rodaje con el director Andy Muschietti, quien no paraba hasta conseguir la toma perfecta.<\/p>\n<p>Chastain record\u00f3 una escena que hizo con sangre. No se supon\u00eda que tendr\u00eda sangre en la cara, pero protest\u00f3 y dijo, \u201cNo, hag\u00e1mosla como Carrie en esteroides\u201d. M\u00e1s tarde, \u201ccongelada de fr\u00edo y muy inc\u00f3moda\u201d en una piscina para ni\u00f1os cubierta con sangre artificial, lament\u00f3 la decisi\u00f3n.<\/p>\n<p>Los actores rieron al contar que, a lo largo de la filmaci\u00f3n, usaron una cantidad \u201cr\u00e9cord\u201d de sangre ficticia: 17.035 litros, seg\u00fan Chastain.<\/p>\n<p>McAvoy tambi\u00e9n habl\u00f3 de una escena particularmente escalofriante en un sal\u00f3n de espejos que dijo fue \u201ccomo una pesadilla&#8230; absolutamente horrible. Nada divertida\u201d.<\/p>\n<p>Y todos se maravillaron con la habilidad de Bill Skarsg\u00e5rd para transformarse en el payaso Pennywise.<\/p>\n<p>\u201c\u00c9l es s\u00faper imponente en el disfraz\u201d, dijo Bill Hader. \u201cEs un tipo s\u00faper simp\u00e1tico pero entonces dicen &#8216;acci\u00f3n&#8217; y es otro ser completamente diferente\u201d.<\/p>\n<p>A McAvoy a veces le preocupaba que Skarsg\u00e5rd pudiera de hecho lastimarse interpretando el personaje. Seg\u00fan el elenco, el \u201ctruco del ojo\u201d que Pennywise hace, en el que un ojo mira al frente y el otro hacia un lado, no es generado por computadora, es s\u00f3lo algo que Skarsg\u00e5rd puede hacer.<\/p>\n<p>\u201cComo que naci\u00f3 para interpretar a Pennywise\u201d, dijo Hader.<\/p>\n<blockquote class=\"twitter-tweet\">\n<p dir=\"ltr\" lang=\"en\">We all float down here.\ud83c\udf88\ud83c\udf88<a href=\"https:\/\/twitter.com\/hashtag\/scarediego?src=hash&amp;ref_src=twsrc%5Etfw\">#scarediego<\/a> <a href=\"https:\/\/twitter.com\/hashtag\/sdcc?src=hash&amp;ref_src=twsrc%5Etfw\">#sdcc<\/a> <a href=\"https:\/\/t.co\/CW1B8MgjHm\">pic.twitter.com\/CW1B8MgjHm<\/a><\/p>\n<p>\u2014 IT Chapter Two \ud83c\udf88\ud83c\udf88 (@ITMovieOfficial) <a href=\"https:\/\/twitter.com\/ITMovieOfficial\/status\/1151756888486207488?ref_src=twsrc%5Etfw\">July 18, 2019<\/a><\/p><\/blockquote>\n<p><script async src=\"https:\/\/platform.twitter.com\/widgets.js\" charset=\"utf-8\"><\/script><\/p>\n<p><iframe loading=\"lazy\" src=\"https:\/\/www.youtube.com\/embed\/Mqa768baFRw\" width=\"560\" height=\"315\" frameborder=\"0\" allowfullscreen=\"allowfullscreen\"><\/iframe><\/p>\n","protected":false},"excerpt":{"rendered":"<p>El avance fue presentado en exclusiva en la Comic Con y ahora fue liberado para todo p\u00fablico. La Comic Con de San Diego ya est\u00e1 en marcha y con ella comenz\u00f3 a circular material que los cin\u00e9filos esperaban con ansias, como el nuevo tr\u00e1iler de It 2. IT ends September 6. Trailer TOMORROW 9AM PT. [&hellip;]<\/p>\n","protected":false},"author":1,"featured_media":65554,"comment_status":"closed","ping_status":"closed","sticky":false,"template":"","format":"standard","meta":{"_seopress_robots_primary_cat":"","_seopress_titles_title":"","_seopress_titles_desc":"","_seopress_robots_index":"","footnotes":""},"categories":[3],"tags":[19282,23671],"class_list":{"0":"post-65553","1":"post","2":"type-post","3":"status-publish","4":"format-standard","5":"has-post-thumbnail","7":"category-cine-y-series","8":"tag-it-2","9":"tag-trailer-de-it-2"},"_links":{"self":[{"href":"https:\/\/www.cordobatimes.com\/showup\/wp-json\/wp\/v2\/posts\/65553","targetHints":{"allow":["GET"]}}],"collection":[{"href":"https:\/\/www.cordobatimes.com\/showup\/wp-json\/wp\/v2\/posts"}],"about":[{"href":"https:\/\/www.cordobatimes.com\/showup\/wp-json\/wp\/v2\/types\/post"}],"author":[{"embeddable":true,"href":"https:\/\/www.cordobatimes.com\/showup\/wp-json\/wp\/v2\/users\/1"}],"replies":[{"embeddable":true,"href":"https:\/\/www.cordobatimes.com\/showup\/wp-json\/wp\/v2\/comments?post=65553"}],"version-history":[{"count":0,"href":"https:\/\/www.cordobatimes.com\/showup\/wp-json\/wp\/v2\/posts\/65553\/revisions"}],"wp:featuredmedia":[{"embeddable":true,"href":"https:\/\/www.cordobatimes.com\/showup\/wp-json\/wp\/v2\/media\/65554"}],"wp:attachment":[{"href":"https:\/\/www.cordobatimes.com\/showup\/wp-json\/wp\/v2\/media?parent=65553"}],"wp:term":[{"taxonomy":"category","embeddable":true,"href":"https:\/\/www.cordobatimes.com\/showup\/wp-json\/wp\/v2\/categories?post=65553"},{"taxonomy":"post_tag","embeddable":true,"href":"https:\/\/www.cordobatimes.com\/showup\/wp-json\/wp\/v2\/tags?post=65553"}],"curies":[{"name":"wp","href":"https:\/\/api.w.org\/{rel}","templated":true}]}}