{"id":65545,"date":"2019-07-18T16:15:46","date_gmt":"2019-07-18T19:15:46","guid":{"rendered":"https:\/\/www.cordobatimes.com\/showup\/?p=65545"},"modified":"2020-02-12T13:09:08","modified_gmt":"2020-02-12T16:09:08","slug":"cubrir-el-horror-la-cobertura-periodistica-de-tn-en-primera-persona-hace-25-anos","status":"publish","type":"post","link":"https:\/\/www.cordobatimes.com\/showup\/tv\/2019\/07\/18\/cubrir-el-horror-la-cobertura-periodistica-de-tn-en-primera-persona-hace-25-anos\/","title":{"rendered":"Cubrir el horror: El trabajo period\u00edstico de TN en primera persona hace 25 a\u00f1os"},"content":{"rendered":"<h3><strong>Cronistas, camar\u00f3grafos y productores recuerdan c\u00f3mo fue el peor ataque terrorista de la historia de la Argentina.<\/strong><\/h3>\n<p>De un lado de la c\u00e1mara, un edificio se hab\u00eda derrumbado producto de la explosi\u00f3n de una bomba. Cerca, un nene preguntaba desesperado por su mam\u00e1 mientras bomberos y m\u00e9dicos corr\u00edan hacia lo que hab\u00eda quedado en pie de la sede de la Asociaci\u00f3n Mutual Israelita Argentina (AMIA). Del otro lado, en el lugar de los hechos, productores buscaban testimonios, movileros relataban lo que ve\u00edan y un camar\u00f3grafo se concentraba en registrar\u00a0<strong>uno de los momentos m\u00e1s duros del pa\u00eds.<\/strong><\/p>\n<p>El estallido fue a las 9.53 de un lunes de invierno, en pleno barrio de Once, en la ciudad de Buenos Aires. El atentado provoc\u00f3<strong>\u00a085 muertos y 300 heridos<\/strong>; y se convirti\u00f3 en el m\u00e1s grave perpetrado en la Argentina. A 25 a\u00f1os del ataque,\u00a0<strong>el caso sigue impune y nadie cumple una condena<\/strong>. La tragedia dej\u00f3 una huella imborrable en la sociedad argentina y en los periodistas que la documentaron.<\/p>\n<p><strong>Sergio Lapeg\u00fce<\/strong>, periodista de\u00a0<em>TN,\u00a0<\/em>era cronista del canal y recuerda con detalle aquella ma\u00f1ana en la que tuvo que hacer\u00a0<strong>su primer m\u00f3vil en vivo<\/strong>. \u00c9l estaba a unas veinte cuadras de la calle\u00a0<strong>Pasteur 633\u00a0<\/strong>cuando escuch\u00f3 un estruendo y a los pocos segundos recibi\u00f3 un llamado de su productor. \u00abNos subimos a un auto con\u00a0<strong>Hugo Varela<\/strong>, mi camar\u00f3grafo en ese entonces. Me enter\u00e9 de que hab\u00eda varios muertos en el lugar. Como \u00e9l ten\u00eda experiencia en coberturas le pregunt\u00e9 c\u00f3mo pod\u00eda hacer para encarar la situaci\u00f3n. Ah\u00ed me dijo una frase que nunca me voy a olvidar:\u00a0<strong>&#8216;Relat\u00e1 todo como si lo estuvieses viendo por la televisi\u00f3n&#8217;<\/strong>\u201d, cont\u00f3.<\/p>\n<p>\u00abEl lugar era solo destrozos. Las personas heridas estaban tiradas en la calle. Hab\u00eda cuerpos por todos lados\u00bb, detall\u00f3 el conductor sobre lo que vio en ese momento y no borrar\u00e1 jam\u00e1s. Esa noche comparti\u00f3 la cobertura con\u00a0<strong>C\u00e9sar Mascetti\u00a0<\/strong>y\u00a0<strong>Juan Miceli.<\/strong>\u00a0Desde un departamento describi\u00f3 c\u00f3mo hab\u00eda quedado la zona: \u00abYo ten\u00eda una<strong>\u00a0ventana al horror<\/strong>\u00ab.<\/p>\n<p>Emocionado, Lapeg\u00fce evoca lo que sinti\u00f3 junto a sus compa\u00f1eros cuando les toc\u00f3 moverse entre los escombros. \u00abMientras caminaba me top\u00e9 con un cuerpo. Ah\u00ed le avis\u00e9 a Sandra Jacobson, otra periodista que estaba conmigo, y ella se puso a llorar y me abraz\u00f3. Yo despu\u00e9s segu\u00ed relatando como si nada. Pero cuando lo mir\u00e9 a Hugo me di cuenta de que \u00e9l tambi\u00e9n estaba llorando. Justo \u00e9l, que me hab\u00eda aconsejado c\u00f3mo hacer la cobertura\u00bb.<\/p>\n<p>Al igual que el conductor,\u00a0<strong>Miriam Lewin<\/strong>\u00a0fue cronista en la tragedia y no puede olvidar aquellos segundos posteriores a la explosi\u00f3n, cuando los rescatistas empezaron a organizarse y pidieron silencio a toda la gente que se hab\u00eda reunido para ayudar a las v\u00edctimas. \u00abLos bomberos necesitaban escuchar los gritos de socorro de los sobrevivientes que pod\u00edan estar debajo de una monta\u00f1a inconmensurable de escombros\u00bb, se\u00f1al\u00f3 a\u00a0<strong>TN.com.ar<\/strong>.<\/p>\n<p>La periodista presenci\u00f3 desde la terraza de un edificio frente a la AMIA aquella secuencia que qued\u00f3 grabada en la retina de miles de televidentes, acompa\u00f1ada del desgarrador relato de Mascetti.<strong>\u00a0\u00ab\u00a1Cuidado, cuidado! Es terrible lo que ha sucedido y los bomberos no alcanzaron a salir\u00bb<\/strong>, dijo en vivo el conductor del noticiero de\u00a0<em>eltrece<\/em>, mientras una de las pocas paredes que quedaban en pie se derrumbaba sobre los rescatistas.<\/p>\n<p>A pocos metros de Mascetti estaba\u00a0<strong>Rosa \u00abChiqui\u00bb Mourelle,<\/strong>\u00a0quien era productora de m\u00f3viles el d\u00eda del atentado. \u00abEn el momento en que se derrumb\u00f3 la pared yo estaba de espaldas. C\u00e9sar estaba mirando y de golpe escuch\u00e9 que gritaba. En ese instante pens\u00e9 que me hablaba a m\u00ed y tem\u00ed por lo que me pudiera pasar. Lamentablemente, los que sufrieron la ca\u00edda de la pared fueron los bomberos\u00bb, se entristeci\u00f3.<\/p>\n<p>Mourelle tambi\u00e9n acompa\u00f1\u00f3 a Lapeg\u00fce como productora y lo ayud\u00f3 a conseguir los primeros testimonios oficiales y de familiares de las v\u00edctimas. \u00abAntes de empezar, \u00e9l me pregunt\u00f3: &#8216;\u00bfQu\u00e9 hago?&#8217;. Y yo le dije que hab\u00eda que contar lo que estaba sucediendo. Eso es simplemente lo que ten\u00edamos que hacer\u00bb, rememor\u00f3.<\/p>\n<p><strong>Carlos Starck<\/strong>, camar\u00f3grafo de\u00a0<em>TN\u00a0<\/em>en ese entonces, estaba de guardia cuando se enter\u00f3 de la explosi\u00f3n. Fue uno de los primeros en filmar con su lente el horror. \u00abFue un golpe tremendo ver a toda la gente malherida, pero cuando uno tiene una c\u00e1mara es diferente la sensaci\u00f3n.\u00a0<strong>Lo importante para m\u00ed en ese momento eran las im\u00e1genes<\/strong>. Despu\u00e9s, cuando est\u00e1s en tu casa, analiz\u00e1s todo lo que viste. Nuestro oficio es ese, estar en las buenas y en las malas\u00bb, asegur\u00f3.<\/p>\n<p>Por su parte,\u00a0<strong>Fabiana Ram\u00edrez<\/strong>, que era productora del programa\u00a0<em>360 Todo Para Ver,<\/em>\u00a0se\u00f1al\u00f3 que lo que m\u00e1s le impact\u00f3 en medio del horror fue algo que sucedi\u00f3 los d\u00edas posteriores al atentado: \u00abHab\u00eda much\u00edsima gente desaparecida, porque los listados de los hospitales no estaban ordenados y hubo heridos que salieron caminando en estado de shock sin rumbo. Tampoco hab\u00eda informaci\u00f3n precisa en las morgues. As\u00ed que durante varios d\u00edas\u00a0<strong>ven\u00edan las familias al canal para revisar las horas y horas de grabaciones<\/strong>\u00a0de las c\u00e1maras, a ver si pod\u00edan encontrar algo que les permitiera esclarecer d\u00f3nde estaba su madre, hermano, t\u00edo, abuela o amigo. Se pasaban toda una tarde tratando de hallar aunque sea un detalle. Era muy duro verlos sin respuestas\u00bb.<\/p>\n<p><strong>Ricardo Pipino<\/strong>, productor general de\u00a0<em>Todo Noticias<\/em>\u00a0desde 1993 hasta 2008, reconoci\u00f3 que la cobertura del atentado a la AMIA fue una de las peores que le toc\u00f3 encarar en su carrera profesional. \u00abFueron varios d\u00edas de un trabajo period\u00edstico que fue terrible por lo humano, por lo que se ve\u00eda y viv\u00eda. La desesperaci\u00f3n de la gente que buscaba a sus familiares entre los escombros, durante las primeras horas y los d\u00edas siguientes, es lo que a uno m\u00e1s le queda grabado de la cobertura\u00bb, expres\u00f3.<\/p>\n<p>En este sentido remarc\u00f3 el \u00abimpresionante trabajo de los equipos t\u00e9cnicos y period\u00edsticos del canal\u00bb, y explic\u00f3 que tuvieron que duplicar los esfuerzos porque gran parte de los periodistas estaban en el exterior por el Mundial de f\u00fatbol de Estados Unidos, que hab\u00eda terminado un d\u00eda antes de la explosi\u00f3n.<\/p>\n<p>\u00abUno no se puede olvidar de la labor de periodistas, camar\u00f3grafos, ayudantes, motociclistas y productores de todo el equipo de lo que era\u00a0<em>TN\u00a0<\/em>y\u00a0<em>el<\/em>t<em>rece<\/em>.\u00a0<strong>Estuvieron d\u00edas enteros cubriendo la tragedia<\/strong>, sin volver a casa. Algunos durmieron en el m\u00f3vil para poder continuar con el relato de la b\u00fasqueda y el trabajo de los rescatistas. Era cuesti\u00f3n de seguir y alimentar el amor propio por una cobertura que era emocionante por la tristeza y por la bronca que uno ten\u00eda de ver esas im\u00e1genes \u201d, subray\u00f3.<\/p>\n<p>El atentado, atribuido por la Justicia argentina al entonces gobierno de Ir\u00e1n y a la organizaci\u00f3n isl\u00e1mica libanesa\u00a0Hezbollah, fue el segundo contra la comunidad jud\u00eda en Buenos Aires, despu\u00e9s de que 29 personas murieran en 1992 por una bomba ante la Embajada de Israel.<\/p>\n<p>Poco d\u00edas despu\u00e9s del ataque a la AMIA, los investigadores determinaron que hab\u00eda sido perpetrado por un terrorista suicida que choc\u00f3 una\u00a0<strong>camioneta Traffic cargada de explosivos<\/strong>\u00a0contra la entrada de la mutual. Militares israel\u00edes que participaron de las tareas de rescate descubrieron, entre los escombros, el block de un motor. Eso fue clave para establecer esa l\u00ednea de investigaci\u00f3n.<\/p>\n<h2 class=\"article__body__subtitle\">La cobertura en el resto del pa\u00eds<\/h2>\n<p>\u00abVolaron la AMIA\u00bb, \u00abUn atentado contra todos\u00bb y \u00abOtra vez\u00bb son algunos de los titulares de los diarios que el 19 de julio de 1994 (el d\u00eda siguiente de la tragedia) reflejaron el atentado. Las tapas de los principales medios argentinos forman parte del archivo de ADEPA. En el marco de una campa\u00f1a para conmemorar el ataque, la Asociaci\u00f3n de Entidades Period\u00edsticas Argentinas comparti\u00f3 este material.<\/p>\n<div class=\"article__body__embed article__body__embed--corrupted-embed\">\n<p><iframe style=\"position: relative; top: 0; left: 0; width: 100%; height: 500px;\" src=\"https:\/\/flickrembed.com\/cms_embed.php?source=flickr&amp;layout=responsive&amp;input=72157709681423397&amp;sort=0&amp;by=album&amp;theme=tiles_justified&amp;scale=fit&amp;speed=3000&amp;limit=25&amp;skin=default&amp;autoplay=false\" frameborder=\"0\" scrolling=\"yes\" allowfullscreen=\"allowfullscreen\"><small>Fuente DAIA<\/small><\/p>\n<p><\/iframe><\/p>\n<\/div>\n","protected":false},"excerpt":{"rendered":"<p>Cronistas, camar\u00f3grafos y productores recuerdan c\u00f3mo fue el peor ataque terrorista de la historia de la Argentina. De un lado de la c\u00e1mara, un edificio se hab\u00eda derrumbado producto de la explosi\u00f3n de una bomba. Cerca, un nene preguntaba desesperado por su mam\u00e1 mientras bomberos y m\u00e9dicos corr\u00edan hacia lo que hab\u00eda quedado en pie [&hellip;]<\/p>\n","protected":false},"author":1,"featured_media":65548,"comment_status":"closed","ping_status":"closed","sticky":false,"template":"","format":"standard","meta":{"_seopress_robots_primary_cat":"","_seopress_titles_title":"","_seopress_titles_desc":"","_seopress_robots_index":"","footnotes":""},"categories":[12967,2],"tags":[24141,24143,24142],"class_list":{"0":"post-65545","1":"post","2":"type-post","3":"status-publish","4":"format-standard","5":"has-post-thumbnail","7":"category-destacada","8":"category-tv","9":"tag-atentado-a-la-amia","10":"tag-atentado-a-la-argentina","11":"tag-cobertura-de-todo-noticias"},"_links":{"self":[{"href":"https:\/\/www.cordobatimes.com\/showup\/wp-json\/wp\/v2\/posts\/65545","targetHints":{"allow":["GET"]}}],"collection":[{"href":"https:\/\/www.cordobatimes.com\/showup\/wp-json\/wp\/v2\/posts"}],"about":[{"href":"https:\/\/www.cordobatimes.com\/showup\/wp-json\/wp\/v2\/types\/post"}],"author":[{"embeddable":true,"href":"https:\/\/www.cordobatimes.com\/showup\/wp-json\/wp\/v2\/users\/1"}],"replies":[{"embeddable":true,"href":"https:\/\/www.cordobatimes.com\/showup\/wp-json\/wp\/v2\/comments?post=65545"}],"version-history":[{"count":0,"href":"https:\/\/www.cordobatimes.com\/showup\/wp-json\/wp\/v2\/posts\/65545\/revisions"}],"wp:featuredmedia":[{"embeddable":true,"href":"https:\/\/www.cordobatimes.com\/showup\/wp-json\/wp\/v2\/media\/65548"}],"wp:attachment":[{"href":"https:\/\/www.cordobatimes.com\/showup\/wp-json\/wp\/v2\/media?parent=65545"}],"wp:term":[{"taxonomy":"category","embeddable":true,"href":"https:\/\/www.cordobatimes.com\/showup\/wp-json\/wp\/v2\/categories?post=65545"},{"taxonomy":"post_tag","embeddable":true,"href":"https:\/\/www.cordobatimes.com\/showup\/wp-json\/wp\/v2\/tags?post=65545"}],"curies":[{"name":"wp","href":"https:\/\/api.w.org\/{rel}","templated":true}]}}