{"id":65542,"date":"2019-07-17T21:06:48","date_gmt":"2019-07-18T00:06:48","guid":{"rendered":"https:\/\/www.cordobatimes.com\/showup\/?p=65542"},"modified":"2019-07-17T21:06:48","modified_gmt":"2019-07-18T00:06:48","slug":"luis-miguel-la-serie-tendra-segunda-temporada","status":"publish","type":"post","link":"https:\/\/www.cordobatimes.com\/showup\/cine-y-series\/2019\/07\/17\/luis-miguel-la-serie-tendra-segunda-temporada\/","title":{"rendered":"\u00abLuis Miguel, la serie\u00bb tendr\u00e1 segunda temporada"},"content":{"rendered":"<h3><strong>Lo confirm\u00f3 el productor ejecutivo de la exitosa serie, Miguel Alem\u00e1n Magnani.<\/strong><\/h3>\n<p>Hace un a\u00f1o, el mundo estaba pendiente de Luis Miguel, la serie, la exitos\u00edsima producci\u00f3n de Netflix que cont\u00f3 la vida del cantante mexicano como nunca antes se hab\u00eda hecho.<\/p>\n<p>Bajo la supervisi\u00f3n del propio \u00eddolo, la tira revitaliz\u00f3 la propia carrera del m\u00fasico, devolvi\u00e9ndole\u00a0 los primeros planos.<\/p>\n<p>Todo hab\u00eda quedado servido para una continuidad de la serie. Hubo muchas especulaciones al respecto, pero ahora parece haber surgido una palabra oficial con algo m\u00e1s concreto.<\/p>\n<p>El productor ejecutivo de la serie, Miguel Alem\u00e1n Magnani, de Gato Grande Productions, lo confirm\u00f3 en una entrevista con el diario mexicano\u00a0Reforma.<\/p>\n<p>\u201cAcaba Luis Miguel de terminar una gira muy importante por Estados Unidos. Est\u00e1 descansando y ahorita empieza a revisar muy fuerte todos los cap\u00edtulos de la serie dos. Empiezan a grabar a fin de a\u00f1o\u2026 El primer trimestre del a\u00f1o que entra vamos a empezar (al aire)\u201d, adelant\u00f3 el empresario.<\/p>\n<p>Por supuesto que el productor se guard\u00f3 cu\u00e1les ser\u00e1n los principales lineamientos del gui\u00f3n, o qu\u00e9 etapas de la vida del m\u00fasico abordar\u00e1 esta segunda temporada.<\/p>\n<p>Sin embargo, se supone que mantendr\u00e1 el mismo estilo que tanto atrajo en la primera parte. \u201cEspero que venga igual porque es una continuidad, con cosas muy importantes e igual de fuertes, de dif\u00edciles. Es todo lo que sigue siendo la vida de una estrella, que ya no hay muchas, y conocer c\u00f3mo es dif\u00edcil ese balance, entre ser alguien normal y una estrella\u201d, dijo Alem\u00e1n Magnan.<\/p>\n<p>Curiosamente, la primera temporada reci\u00e9n est\u00e1 disponible a nivel mundial (con Estados Unidos, entre otros pa\u00edses), desde hace tan solo 5 d\u00edas.<\/p>\n<p><iframe loading=\"lazy\" src=\"https:\/\/www.facebook.com\/plugins\/post.php?href=https%3A%2F%2Fwww.facebook.com%2Fgatogrande%2Fposts%2F2348978465318665&#038;width=500\" width=\"500\" height=\"614\" style=\"border:none;overflow:hidden\" scrolling=\"no\" frameborder=\"0\" allowTransparency=\"true\" allow=\"encrypted-media\"><\/iframe><\/p>\n<p>Adem\u00e1s, se dar\u00e1 otra rareza con la serie: Televisa confirm\u00f3 que transmitir\u00e1 la primera temporada en el canal Las Estrellas a partir del lunes 12 de agosto.<\/p>\n","protected":false},"excerpt":{"rendered":"<p>Lo confirm\u00f3 el productor ejecutivo de la exitosa serie, Miguel Alem\u00e1n Magnani. Hace un a\u00f1o, el mundo estaba pendiente de Luis Miguel, la serie, la exitos\u00edsima producci\u00f3n de Netflix que cont\u00f3 la vida del cantante mexicano como nunca antes se hab\u00eda hecho. Bajo la supervisi\u00f3n del propio \u00eddolo, la tira revitaliz\u00f3 la propia carrera del [&hellip;]<\/p>\n","protected":false},"author":1,"featured_media":65543,"comment_status":"closed","ping_status":"closed","sticky":false,"template":"","format":"standard","meta":{"_seopress_robots_primary_cat":"","_seopress_titles_title":"","_seopress_titles_desc":"","_seopress_robots_index":"","footnotes":""},"categories":[3],"tags":[2947,17749],"class_list":{"0":"post-65542","1":"post","2":"type-post","3":"status-publish","4":"format-standard","5":"has-post-thumbnail","7":"category-cine-y-series","8":"tag-luis-miguel","9":"tag-luis-miguel-la-serie"},"_links":{"self":[{"href":"https:\/\/www.cordobatimes.com\/showup\/wp-json\/wp\/v2\/posts\/65542","targetHints":{"allow":["GET"]}}],"collection":[{"href":"https:\/\/www.cordobatimes.com\/showup\/wp-json\/wp\/v2\/posts"}],"about":[{"href":"https:\/\/www.cordobatimes.com\/showup\/wp-json\/wp\/v2\/types\/post"}],"author":[{"embeddable":true,"href":"https:\/\/www.cordobatimes.com\/showup\/wp-json\/wp\/v2\/users\/1"}],"replies":[{"embeddable":true,"href":"https:\/\/www.cordobatimes.com\/showup\/wp-json\/wp\/v2\/comments?post=65542"}],"version-history":[{"count":0,"href":"https:\/\/www.cordobatimes.com\/showup\/wp-json\/wp\/v2\/posts\/65542\/revisions"}],"wp:featuredmedia":[{"embeddable":true,"href":"https:\/\/www.cordobatimes.com\/showup\/wp-json\/wp\/v2\/media\/65543"}],"wp:attachment":[{"href":"https:\/\/www.cordobatimes.com\/showup\/wp-json\/wp\/v2\/media?parent=65542"}],"wp:term":[{"taxonomy":"category","embeddable":true,"href":"https:\/\/www.cordobatimes.com\/showup\/wp-json\/wp\/v2\/categories?post=65542"},{"taxonomy":"post_tag","embeddable":true,"href":"https:\/\/www.cordobatimes.com\/showup\/wp-json\/wp\/v2\/tags?post=65542"}],"curies":[{"name":"wp","href":"https:\/\/api.w.org\/{rel}","templated":true}]}}