{"id":65530,"date":"2019-07-16T13:31:01","date_gmt":"2019-07-16T16:31:01","guid":{"rendered":"https:\/\/www.cordobatimes.com\/showup\/?p=65530"},"modified":"2019-07-16T13:31:01","modified_gmt":"2019-07-16T16:31:01","slug":"13-reasons-why-netflix-elimino-la-escena-de-suicidio","status":"publish","type":"post","link":"https:\/\/www.cordobatimes.com\/showup\/cine-y-series\/2019\/07\/16\/13-reasons-why-netflix-elimino-la-escena-de-suicidio\/","title":{"rendered":"\u00ab13 Reasons Why\u00bb:  Netflix elimin\u00f3 la escena de suicidio"},"content":{"rendered":"<h3><strong>La serie que prepara su tercera temporada no para de sumar pol\u00e9micas a su alrededor.\u00a0<\/strong><\/h3>\n<p>Con un mensaje en su cuenta de Twitter, Netflix anunci\u00f3 una significativa decisi\u00f3n que de seguro traer\u00e1 controversia. La plataforma elimin\u00f3 la escena del suicidio del episodio final de la primera temporada de 13 Reasons Why. Desde un primer momento la serie se convirti\u00f3 en foco de pol\u00e9mica por la crudeza con la que trata temas delicados entre los adolescentes.<\/p>\n<p>Mientras se cocina la tercera temporada de la ficci\u00f3n, el gigante de streaming explic\u00f3 los motivos por los que decidieron retirar la escena. \u00abSiguiendo los consejos de m\u00e9dicos expertos, incluyendo la doctora Christine Moutier, jefa m\u00e9dica en la Fundaci\u00f3n Americana por la Prevenci\u00f3n del Suicidio, hemos decidido con el creador Brian Yorkey y los productores editar la escena en la que Hannah se quita su propia vida\u00bb, explica el escrito.<\/p>\n<blockquote class=\"twitter-tweet\" data-lang=\"es\">\n<p lang=\"en\" dir=\"ltr\">An update on 13 Reasons Why<\/p>\n<p>If you or someone you know needs help finding crisis resources please visit <a href=\"https:\/\/t.co\/cNtjtuNG1p\">https:\/\/t.co\/cNtjtuNG1p<\/a> <a href=\"https:\/\/t.co\/SxGjbYpZF6\">pic.twitter.com\/SxGjbYpZF6<\/a><\/p>\n<p>&mdash; Netflix US (@netflix) <a href=\"https:\/\/twitter.com\/netflix\/status\/1150983999285678080?ref_src=twsrc%5Etfw\">16 de julio de 2019<\/a><\/p><\/blockquote>\n<p><script async src=\"https:\/\/platform.twitter.com\/widgets.js\" charset=\"utf-8\"><\/script><\/p>\n<p>Adem\u00e1s, el comunicado agrega que eliminar la escena en cuesti\u00f3n \u201cayudar\u00e1 a la serie a hacer el mayor bien por la mayor cantidad de gente mientras mitiga cualquier riesgo para espectadores j\u00f3venes especialmente vulnerables\u201d.<\/p>\n<p>\u00abNuestra intenci\u00f3n creativa al retratar la horrible y dolorosa realidad del suicidio con tanto detalle gr\u00e1fico era plasmar la realidad de ese horroroso acto para asegurarnos de que nadie quisiera emularlo. Pero, ahora que vamos lanzar la tercera temporada, hemos escuchado los consejos sobre la escena de la doctora Christine Moutier de la Fundaci\u00f3n Americana para la Prevenci\u00f3n del Suicidio y otros expertos. Por ello, hemos acordado con Netflix reeditarla\u00bb, dijo Brian Yorkey.<\/p>\n<p>Tras las muchas controversias que gener\u00f3 13 Reasons Why luego de su estreno, finalmente Netflix y los creadores de la serie decidieron escuchar a los expertos en salud mental. Como era de esperar, grupos de prevenci\u00f3n de suicidio apoyaron la medida.<\/p>\n<p>La escena que fue retirada mostraba c\u00f3mo la protagonista, Hannah Baker, se corta las mu\u00f1ecas en una ba\u00f1era. <\/p>\n","protected":false},"excerpt":{"rendered":"<p>La serie que prepara su tercera temporada no para de sumar pol\u00e9micas a su alrededor.\u00a0 Con un mensaje en su cuenta de Twitter, Netflix anunci\u00f3 una significativa decisi\u00f3n que de seguro traer\u00e1 controversia. La plataforma elimin\u00f3 la escena del suicidio del episodio final de la primera temporada de 13 Reasons Why. Desde un primer momento [&hellip;]<\/p>\n","protected":false},"author":1,"featured_media":65531,"comment_status":"closed","ping_status":"closed","sticky":false,"template":"","format":"standard","meta":{"_seopress_robots_primary_cat":"","_seopress_titles_title":"","_seopress_titles_desc":"","_seopress_robots_index":"","footnotes":""},"categories":[3],"tags":[17936,24137],"class_list":{"0":"post-65530","1":"post","2":"type-post","3":"status-publish","4":"format-standard","5":"has-post-thumbnail","7":"category-cine-y-series","8":"tag-13-reasons-why","9":"tag-escena-de-suicidio-de-13-reasons-why"},"_links":{"self":[{"href":"https:\/\/www.cordobatimes.com\/showup\/wp-json\/wp\/v2\/posts\/65530","targetHints":{"allow":["GET"]}}],"collection":[{"href":"https:\/\/www.cordobatimes.com\/showup\/wp-json\/wp\/v2\/posts"}],"about":[{"href":"https:\/\/www.cordobatimes.com\/showup\/wp-json\/wp\/v2\/types\/post"}],"author":[{"embeddable":true,"href":"https:\/\/www.cordobatimes.com\/showup\/wp-json\/wp\/v2\/users\/1"}],"replies":[{"embeddable":true,"href":"https:\/\/www.cordobatimes.com\/showup\/wp-json\/wp\/v2\/comments?post=65530"}],"version-history":[{"count":0,"href":"https:\/\/www.cordobatimes.com\/showup\/wp-json\/wp\/v2\/posts\/65530\/revisions"}],"wp:featuredmedia":[{"embeddable":true,"href":"https:\/\/www.cordobatimes.com\/showup\/wp-json\/wp\/v2\/media\/65531"}],"wp:attachment":[{"href":"https:\/\/www.cordobatimes.com\/showup\/wp-json\/wp\/v2\/media?parent=65530"}],"wp:term":[{"taxonomy":"category","embeddable":true,"href":"https:\/\/www.cordobatimes.com\/showup\/wp-json\/wp\/v2\/categories?post=65530"},{"taxonomy":"post_tag","embeddable":true,"href":"https:\/\/www.cordobatimes.com\/showup\/wp-json\/wp\/v2\/tags?post=65530"}],"curies":[{"name":"wp","href":"https:\/\/api.w.org\/{rel}","templated":true}]}}