{"id":65453,"date":"2019-07-02T18:58:42","date_gmt":"2019-07-02T21:58:42","guid":{"rendered":"https:\/\/www.cordobatimes.com\/showup\/?p=65453"},"modified":"2019-07-02T18:58:42","modified_gmt":"2019-07-02T21:58:42","slug":"copa-america-2019-estos-son-los-shows-de-la-ceremonia-final","status":"publish","type":"post","link":"https:\/\/www.cordobatimes.com\/showup\/musica\/2019\/07\/02\/copa-america-2019-estos-son-los-shows-de-la-ceremonia-final\/","title":{"rendered":"Copa Am\u00e9rica 2019: Estos son los shows de la ceremonia final"},"content":{"rendered":"<h3><strong>Confirmaron las presentaciones art\u00edsticas que actuar\u00e1n en la fiesta este domingo.<\/strong><\/h3>\n<p>Todav\u00eda no se sabe si Argentina llegar\u00e1 a la final de la Copa Am\u00e9rica que si disputa en Brasil. Pero lo que ya est\u00e1 confirmado son los shows que animar\u00e1n la Ceremonia de Clausura de la Conmebol Copa Am\u00e9rica Brasil 2019, en el Estadio de Maracan\u00e1. La fiesta ser\u00e1 el domingo y tendr\u00e1 a la cantante brasile\u00f1a Anitta junto al portorrique\u00f1o Pedro Cap\u00f3. Ambos fueron confirmados por la organizaci\u00f3n como las atracciones musicales de la gran final de la 46\u00aa edici\u00f3n del torneo m\u00e1s antiguo de selecciones del mundo. <\/p>\n<p>Anitta es uno de los nombres m\u00e1s importantes de la m\u00fasica brasile\u00f1a en la actualidad y ha realizado duetos con grandes nombres como Madonna y Maluma.<\/p>\n<p>Pedro Cap\u00f3 salt\u00f3 a la fama el \u00faltimo a\u00f1o con Calma, tema que super\u00f3 ya las 1300 millones de reproducciones.<\/p>\n<p><iframe loading=\"lazy\" width=\"560\" height=\"315\" src=\"https:\/\/www.youtube.com\/embed\/1_zgKRBrT0Y\" frameborder=\"0\" allow=\"accelerometer; autoplay; encrypted-media; gyroscope; picture-in-picture\" allowfullscreen><\/iframe><\/p>\n","protected":false},"excerpt":{"rendered":"<p>Confirmaron las presentaciones art\u00edsticas que actuar\u00e1n en la fiesta este domingo. Todav\u00eda no se sabe si Argentina llegar\u00e1 a la final de la Copa Am\u00e9rica que si disputa en Brasil. Pero lo que ya est\u00e1 confirmado son los shows que animar\u00e1n la Ceremonia de Clausura de la Conmebol Copa Am\u00e9rica Brasil 2019, en el Estadio [&hellip;]<\/p>\n","protected":false},"author":1,"featured_media":65454,"comment_status":"closed","ping_status":"closed","sticky":false,"template":"","format":"standard","meta":{"_seopress_robots_primary_cat":"","_seopress_titles_title":"","_seopress_titles_desc":"","_seopress_robots_index":"","footnotes":""},"categories":[5],"tags":[24109,24108],"class_list":{"0":"post-65453","1":"post","2":"type-post","3":"status-publish","4":"format-standard","5":"has-post-thumbnail","7":"category-musica","8":"tag-copa-america-2019","9":"tag-shows-de-la-ceremonia-final-de-la-copa-america"},"_links":{"self":[{"href":"https:\/\/www.cordobatimes.com\/showup\/wp-json\/wp\/v2\/posts\/65453","targetHints":{"allow":["GET"]}}],"collection":[{"href":"https:\/\/www.cordobatimes.com\/showup\/wp-json\/wp\/v2\/posts"}],"about":[{"href":"https:\/\/www.cordobatimes.com\/showup\/wp-json\/wp\/v2\/types\/post"}],"author":[{"embeddable":true,"href":"https:\/\/www.cordobatimes.com\/showup\/wp-json\/wp\/v2\/users\/1"}],"replies":[{"embeddable":true,"href":"https:\/\/www.cordobatimes.com\/showup\/wp-json\/wp\/v2\/comments?post=65453"}],"version-history":[{"count":0,"href":"https:\/\/www.cordobatimes.com\/showup\/wp-json\/wp\/v2\/posts\/65453\/revisions"}],"wp:featuredmedia":[{"embeddable":true,"href":"https:\/\/www.cordobatimes.com\/showup\/wp-json\/wp\/v2\/media\/65454"}],"wp:attachment":[{"href":"https:\/\/www.cordobatimes.com\/showup\/wp-json\/wp\/v2\/media?parent=65453"}],"wp:term":[{"taxonomy":"category","embeddable":true,"href":"https:\/\/www.cordobatimes.com\/showup\/wp-json\/wp\/v2\/categories?post=65453"},{"taxonomy":"post_tag","embeddable":true,"href":"https:\/\/www.cordobatimes.com\/showup\/wp-json\/wp\/v2\/tags?post=65453"}],"curies":[{"name":"wp","href":"https:\/\/api.w.org\/{rel}","templated":true}]}}