{"id":65436,"date":"2019-07-02T09:38:27","date_gmt":"2019-07-02T12:38:27","guid":{"rendered":"https:\/\/www.cordobatimes.com\/showup\/?p=65436"},"modified":"2019-07-02T09:38:27","modified_gmt":"2019-07-02T12:38:27","slug":"duran-duran-realizara-un-show-en-la-nasa","status":"publish","type":"post","link":"https:\/\/www.cordobatimes.com\/showup\/musica\/2019\/07\/02\/duran-duran-realizara-un-show-en-la-nasa\/","title":{"rendered":"Duran Duran realizar\u00e1 un show en la NASA"},"content":{"rendered":"<h3><strong>La banda brit\u00e1nica brindar\u00e1 un espect\u00e1culo para homenajear el lanzamiento de la misi\u00f3n Apollo 11, a 50 a\u00f1os de la llegada del primer hombre a la luna.<\/strong><\/h3>\n<p><strong>Duran Duran<\/strong>, prepara un show muy especial en el\u00a0<strong>Centro Espacial Kennedy de la NASA<\/strong>, ubicado en Cabo Ca\u00f1averal, para celebrar\u00a0<strong>el 50 aniversario<\/strong>\u00a0del lanzamiento de la misi\u00f3n\u00a0<strong>Apollo 11<\/strong>.<\/p>\n<p>El grupo brit\u00e1nico presentar\u00e1 su \u00e1lbum \u00ab<strong>Planet Earth<\/strong>\u00ab,\u00a0<strong>el 16 de julio para homenajear el m\u00edtico despegue del cohete Saturno V<\/strong>, que en el a\u00f1o 1969 logr\u00f3 poner pies humanos por primera vez en la Luna.<\/p>\n<p><strong>Nick Rodes<\/strong>, tecladista de la agrupaci\u00f3n, reconoci\u00f3 en un comunicado especial, que el lanzamiento fue una de sus principales\u00a0<strong>fuentes de inspiraci\u00f3n<\/strong>\u00a0el componer el tema Planeta Tierra que se estren\u00f3 en 1981.<\/p>\n","protected":false},"excerpt":{"rendered":"<p>La banda brit\u00e1nica brindar\u00e1 un espect\u00e1culo para homenajear el lanzamiento de la misi\u00f3n Apollo 11, a 50 a\u00f1os de la llegada del primer hombre a la luna. Duran Duran, prepara un show muy especial en el\u00a0Centro Espacial Kennedy de la NASA, ubicado en Cabo Ca\u00f1averal, para celebrar\u00a0el 50 aniversario\u00a0del lanzamiento de la misi\u00f3n\u00a0Apollo 11. El [&hellip;]<\/p>\n","protected":false},"author":1,"featured_media":65437,"comment_status":"closed","ping_status":"closed","sticky":false,"template":"","format":"standard","meta":{"_seopress_robots_primary_cat":"","_seopress_titles_title":"","_seopress_titles_desc":"","_seopress_robots_index":"","footnotes":""},"categories":[5],"tags":[24101,24099,24102,24100],"class_list":{"0":"post-65436","1":"post","2":"type-post","3":"status-publish","4":"format-standard","5":"has-post-thumbnail","7":"category-musica","8":"tag-despegue-del-cohete-saturno-v","9":"tag-duran-duran-show-en-la-nasa","10":"tag-llegada-del-primer-hombre-a-la-luna","11":"tag-mision-apollo-11"},"_links":{"self":[{"href":"https:\/\/www.cordobatimes.com\/showup\/wp-json\/wp\/v2\/posts\/65436","targetHints":{"allow":["GET"]}}],"collection":[{"href":"https:\/\/www.cordobatimes.com\/showup\/wp-json\/wp\/v2\/posts"}],"about":[{"href":"https:\/\/www.cordobatimes.com\/showup\/wp-json\/wp\/v2\/types\/post"}],"author":[{"embeddable":true,"href":"https:\/\/www.cordobatimes.com\/showup\/wp-json\/wp\/v2\/users\/1"}],"replies":[{"embeddable":true,"href":"https:\/\/www.cordobatimes.com\/showup\/wp-json\/wp\/v2\/comments?post=65436"}],"version-history":[{"count":0,"href":"https:\/\/www.cordobatimes.com\/showup\/wp-json\/wp\/v2\/posts\/65436\/revisions"}],"wp:featuredmedia":[{"embeddable":true,"href":"https:\/\/www.cordobatimes.com\/showup\/wp-json\/wp\/v2\/media\/65437"}],"wp:attachment":[{"href":"https:\/\/www.cordobatimes.com\/showup\/wp-json\/wp\/v2\/media?parent=65436"}],"wp:term":[{"taxonomy":"category","embeddable":true,"href":"https:\/\/www.cordobatimes.com\/showup\/wp-json\/wp\/v2\/categories?post=65436"},{"taxonomy":"post_tag","embeddable":true,"href":"https:\/\/www.cordobatimes.com\/showup\/wp-json\/wp\/v2\/tags?post=65436"}],"curies":[{"name":"wp","href":"https:\/\/api.w.org\/{rel}","templated":true}]}}