{"id":65433,"date":"2019-07-01T13:22:52","date_gmt":"2019-07-01T16:22:52","guid":{"rendered":"https:\/\/www.cordobatimes.com\/showup\/?p=65433"},"modified":"2019-07-01T13:22:52","modified_gmt":"2019-07-01T16:22:52","slug":"fallecio-carlos-giachetti-creador-y-conductor-de-folclorisimo","status":"publish","type":"post","link":"https:\/\/www.cordobatimes.com\/showup\/musica\/2019\/07\/01\/fallecio-carlos-giachetti-creador-y-conductor-de-folclorisimo\/","title":{"rendered":"Falleci\u00f3 Carlos Giachetti, creador y conductor de Folclor\u00edsimo"},"content":{"rendered":"<h3><strong>Se desempe\u00f1\u00f3 durante 15 a\u00f1os en la Televisi\u00f3n P\u00fablica y en el \u00faltimo tiempo form\u00f3 parte de la grilla de programaci\u00f3n de Canal 26.<\/strong><\/h3>\n<p>Carlos Giachetti muri\u00f3 en la ma\u00f1ana del s\u00e1bado a sus 71 a\u00f1os. El conductor y creador del programa televisivo Folclor\u00edsimo, brind\u00f3 grandes oportunidades a los artistas locales dentro de los grandes medios. Adem\u00e1s, fund\u00f3 una se\u00f1al radial donde se puede escuchar folclore las 24 horas del d\u00eda.<\/p>\n<p>La triste noticia fue confirmada por la p\u00e1gina oficial de Facebook del programa, quienes despidieron con cari\u00f1o al conductor y brindaron la informaci\u00f3n del lugar donde ser\u00e1n velados sus restos para que sus fan\u00e1ticos puedan despedirlo.<\/p>\n<p>\u201cQue descanses en paz\u2026 Le daremos el \u00faltimo adi\u00f3s Desde hoy a las 16 horas hasta ma\u00f1ana a las 11 horas en \u201cLa Diosma\u201d Calle 1 de Mayo 5124 \u2013 San Mart\u00edn\u201d, expresa la publicaci\u00f3n de Folclor\u00edsimo Folclore.<\/p>\n<p>El programa Folclor\u00edsimo comenz\u00f3 a emitirse por el Canal Federal pero luego recay\u00f3 en el canal Solo Tango, hasta dar el salto hacia la Televisi\u00f3n P\u00fablica donde se mantuvo al aire durante 15 a\u00f1os. En los \u00faltimos a\u00f1os, el ciclo televisivo se emit\u00eda por Canal 26, con la conducci\u00f3n de Giachetti.<\/p>\n<p>Adem\u00e1s, en el a\u00f1o 1992, se dio el gusto de crear una se\u00f1al radial que transmite las 24 horas m\u00fasica folcl\u00f3rica para todos aquellos fan\u00e1ticos que deseen escuchar este estilo musical tengan dial indicado. Previamente, esto lo ven\u00eda realizando en otras emisoras como Belgrano, Nacional y Colonia, entre otras.<\/p>\n<p>Uno de sus grandes hitos, seg\u00fan su p\u00e1gina oficial, fue \u201crealizar 24 horas de m\u00fasica folcl\u00f3rica en vivo, por donde transitaron m\u00e1s de 100 conjuntos y solistas del g\u00e9nero, logrando una gran trascendencia\u201d.<\/p>\n<p>https:\/\/www.youtube.com\/watch?v=wYNtD9aWOP8<\/p>\n","protected":false},"excerpt":{"rendered":"<p>Se desempe\u00f1\u00f3 durante 15 a\u00f1os en la Televisi\u00f3n P\u00fablica y en el \u00faltimo tiempo form\u00f3 parte de la grilla de programaci\u00f3n de Canal 26. Carlos Giachetti muri\u00f3 en la ma\u00f1ana del s\u00e1bado a sus 71 a\u00f1os. El conductor y creador del programa televisivo Folclor\u00edsimo, brind\u00f3 grandes oportunidades a los artistas locales dentro de los grandes [&hellip;]<\/p>\n","protected":false},"author":1,"featured_media":65434,"comment_status":"closed","ping_status":"closed","sticky":false,"template":"","format":"standard","meta":{"_seopress_robots_primary_cat":"","_seopress_titles_title":"","_seopress_titles_desc":"","_seopress_robots_index":"","footnotes":""},"categories":[5],"tags":[24097,24098],"class_list":{"0":"post-65433","1":"post","2":"type-post","3":"status-publish","4":"format-standard","5":"has-post-thumbnail","7":"category-musica","8":"tag-carlos-giachetti","9":"tag-folclorisimo"},"_links":{"self":[{"href":"https:\/\/www.cordobatimes.com\/showup\/wp-json\/wp\/v2\/posts\/65433","targetHints":{"allow":["GET"]}}],"collection":[{"href":"https:\/\/www.cordobatimes.com\/showup\/wp-json\/wp\/v2\/posts"}],"about":[{"href":"https:\/\/www.cordobatimes.com\/showup\/wp-json\/wp\/v2\/types\/post"}],"author":[{"embeddable":true,"href":"https:\/\/www.cordobatimes.com\/showup\/wp-json\/wp\/v2\/users\/1"}],"replies":[{"embeddable":true,"href":"https:\/\/www.cordobatimes.com\/showup\/wp-json\/wp\/v2\/comments?post=65433"}],"version-history":[{"count":0,"href":"https:\/\/www.cordobatimes.com\/showup\/wp-json\/wp\/v2\/posts\/65433\/revisions"}],"wp:featuredmedia":[{"embeddable":true,"href":"https:\/\/www.cordobatimes.com\/showup\/wp-json\/wp\/v2\/media\/65434"}],"wp:attachment":[{"href":"https:\/\/www.cordobatimes.com\/showup\/wp-json\/wp\/v2\/media?parent=65433"}],"wp:term":[{"taxonomy":"category","embeddable":true,"href":"https:\/\/www.cordobatimes.com\/showup\/wp-json\/wp\/v2\/categories?post=65433"},{"taxonomy":"post_tag","embeddable":true,"href":"https:\/\/www.cordobatimes.com\/showup\/wp-json\/wp\/v2\/tags?post=65433"}],"curies":[{"name":"wp","href":"https:\/\/api.w.org\/{rel}","templated":true}]}}