{"id":65423,"date":"2019-06-28T16:46:23","date_gmt":"2019-06-28T19:46:23","guid":{"rendered":"https:\/\/www.cordobatimes.com\/showup\/?p=65423"},"modified":"2019-06-28T16:46:23","modified_gmt":"2019-06-28T19:46:23","slug":"la-casa-de-papel-tendra-una-cuarta-temporada","status":"publish","type":"post","link":"https:\/\/www.cordobatimes.com\/showup\/cine-y-series\/2019\/06\/28\/la-casa-de-papel-tendra-una-cuarta-temporada\/","title":{"rendered":"La Casa de Papel tendr\u00e1 una cuarta temporada"},"content":{"rendered":"<h3><strong>Aun no arranco \u00a0la tercera temporada, pero\u00a0Netflix\u00a0ya asegur\u00f3 que la producci\u00f3n espa\u00f1ola continuar\u00e1 el a\u00f1o que viene.\u00a0<\/strong><\/h3>\n<p>El 19 de julio es el estreno de la esperada tercera temporada de\u00a0La Casa de Papel, y los fan\u00e1ticos tienen motivos de sobra para motivarse, porque\u00a0Netflix\u00a0ya confirm\u00f3 que las aventuras e intrigas de la banda que lidera\u00a0El Profesor\u00a0(\u00c1lvaro Morte) seguir\u00e1n en una cuarta parte.<\/p>\n<p>As\u00ed lo asegur\u00f3\u00a0Diego \u00c1valos, director de contenido original de\u00a0Netflix Espa\u00f1a, durante la presentaci\u00f3n oficial ante la prensa de la nueva entrega, que pronto estar\u00e1 disponible en la plataforma de\u00a0streaming.<\/p>\n<p>Pasan los d\u00edas y aumentan las expectativas acerca de c\u00f3mo continuar\u00e1 la historia, especialmente porque a la banda m\u00e1s atrapante de la pantalla se le sumar\u00e1 un actor argentino: nuestro\u00a0Rodrigo de la Serna, de quien ya se sabe que\u00a0su personaje\u00a0se llamar\u00e1\u00a0\u00abPalermo\u00bb.<\/p>\n","protected":false},"excerpt":{"rendered":"<p>Aun no arranco \u00a0la tercera temporada, pero\u00a0Netflix\u00a0ya asegur\u00f3 que la producci\u00f3n espa\u00f1ola continuar\u00e1 el a\u00f1o que viene.\u00a0 El 19 de julio es el estreno de la esperada tercera temporada de\u00a0La Casa de Papel, y los fan\u00e1ticos tienen motivos de sobra para motivarse, porque\u00a0Netflix\u00a0ya confirm\u00f3 que las aventuras e intrigas de la banda que lidera\u00a0El Profesor\u00a0(\u00c1lvaro [&hellip;]<\/p>\n","protected":false},"author":1,"featured_media":65424,"comment_status":"closed","ping_status":"closed","sticky":false,"template":"","format":"standard","meta":{"_seopress_robots_primary_cat":"","_seopress_titles_title":"","_seopress_titles_desc":"","_seopress_robots_index":"","footnotes":""},"categories":[3],"tags":[21057,3882],"class_list":{"0":"post-65423","1":"post","2":"type-post","3":"status-publish","4":"format-standard","5":"has-post-thumbnail","7":"category-cine-y-series","8":"tag-la-casa-de-papel","9":"tag-netflix"},"_links":{"self":[{"href":"https:\/\/www.cordobatimes.com\/showup\/wp-json\/wp\/v2\/posts\/65423","targetHints":{"allow":["GET"]}}],"collection":[{"href":"https:\/\/www.cordobatimes.com\/showup\/wp-json\/wp\/v2\/posts"}],"about":[{"href":"https:\/\/www.cordobatimes.com\/showup\/wp-json\/wp\/v2\/types\/post"}],"author":[{"embeddable":true,"href":"https:\/\/www.cordobatimes.com\/showup\/wp-json\/wp\/v2\/users\/1"}],"replies":[{"embeddable":true,"href":"https:\/\/www.cordobatimes.com\/showup\/wp-json\/wp\/v2\/comments?post=65423"}],"version-history":[{"count":0,"href":"https:\/\/www.cordobatimes.com\/showup\/wp-json\/wp\/v2\/posts\/65423\/revisions"}],"wp:featuredmedia":[{"embeddable":true,"href":"https:\/\/www.cordobatimes.com\/showup\/wp-json\/wp\/v2\/media\/65424"}],"wp:attachment":[{"href":"https:\/\/www.cordobatimes.com\/showup\/wp-json\/wp\/v2\/media?parent=65423"}],"wp:term":[{"taxonomy":"category","embeddable":true,"href":"https:\/\/www.cordobatimes.com\/showup\/wp-json\/wp\/v2\/categories?post=65423"},{"taxonomy":"post_tag","embeddable":true,"href":"https:\/\/www.cordobatimes.com\/showup\/wp-json\/wp\/v2\/tags?post=65423"}],"curies":[{"name":"wp","href":"https:\/\/api.w.org\/{rel}","templated":true}]}}