{"id":65417,"date":"2019-06-28T10:32:18","date_gmt":"2019-06-28T13:32:18","guid":{"rendered":"https:\/\/www.cordobatimes.com\/showup\/?p=65417"},"modified":"2019-06-28T10:32:18","modified_gmt":"2019-06-28T13:32:18","slug":"el-avance-de-stranger-things-3-con-juan-alberto-mateyko-como-conductor","status":"publish","type":"post","link":"https:\/\/www.cordobatimes.com\/showup\/cine-y-series\/2019\/06\/28\/el-avance-de-stranger-things-3-con-juan-alberto-mateyko-como-conductor\/","title":{"rendered":"El avance de Stranger Things 3 con Juan Alberto Mateyko como conductor"},"content":{"rendered":"<h3><strong>\u201cLa movida del verano\u201d en versi\u00f3n Netflix se difundi\u00f3 desde la cuenta local de la plataforma de streaming.\u00a0<\/strong><\/h3>\n<p>Este jueves sali\u00f3 a la luz un nuevo avance de la pr\u00f3xima temporada de\u00a0Stranger Things. En realidad se trata de la versi\u00f3n local del tr\u00e1iler de la tercera temporada de la serie de Netflix que viene siendo compartida con la premisa: \u00abUn verano puede cambiar todo\u00bb.<\/p>\n<p>El avance difundido por Che Netflix muestra a Juan Alberto Mateyko conducir su cl\u00e1sica \u201cLa movida del verano\u201d con im\u00e1genes de las escenas que se vendr\u00e1n en la serie norteamericana.<\/p>\n<p>\u201cUn verano extra\u00f1o est\u00e1 llegando a Netflix y Mateyko no pod\u00eda faltar. Digo, de pronto, me parece\u00bb, fue la leyenda con la que compartieron el video desde la cuenta local de Netflix.<\/p>\n<p>En las im\u00e1genes se puede ver un repaso sobre c\u00f3mo vivir\u00e1n la temporada estival los personajes principales de la serie.<\/p>\n<blockquote class=\"twitter-tweet\" data-lang=\"es\">\n<p lang=\"es\" dir=\"ltr\">Un verano extra\u00f1o est\u00e1 llegando a Netflix y Mateyko no pod\u00eda faltar. Digo, de pronto, me parece. <a href=\"https:\/\/t.co\/mXwGzmyvkM\">pic.twitter.com\/mXwGzmyvkM<\/a><\/p>\n<p>&mdash; CheNetflix (@CheNetflix) <a href=\"https:\/\/twitter.com\/CheNetflix\/status\/1144228891957047297?ref_src=twsrc%5Etfw\">27 de junio de 2019<\/a><\/p><\/blockquote>\n<p><script async src=\"https:\/\/platform.twitter.com\/widgets.js\" charset=\"utf-8\"><\/script><\/p>\n<p><iframe loading=\"lazy\" width=\"560\" height=\"315\" src=\"https:\/\/www.youtube.com\/embed\/3iebTsLQkT8\" frameborder=\"0\" allow=\"accelerometer; autoplay; encrypted-media; gyroscope; picture-in-picture\" allowfullscreen><\/iframe><\/p>\n","protected":false},"excerpt":{"rendered":"<p>\u201cLa movida del verano\u201d en versi\u00f3n Netflix se difundi\u00f3 desde la cuenta local de la plataforma de streaming.\u00a0 Este jueves sali\u00f3 a la luz un nuevo avance de la pr\u00f3xima temporada de\u00a0Stranger Things. En realidad se trata de la versi\u00f3n local del tr\u00e1iler de la tercera temporada de la serie de Netflix que viene siendo [&hellip;]<\/p>\n","protected":false},"author":1,"featured_media":65418,"comment_status":"closed","ping_status":"closed","sticky":false,"template":"","format":"standard","meta":{"_seopress_robots_primary_cat":"","_seopress_titles_title":"","_seopress_titles_desc":"","_seopress_robots_index":"","footnotes":""},"categories":[3],"tags":[23291,24093],"class_list":{"0":"post-65417","1":"post","2":"type-post","3":"status-publish","4":"format-standard","5":"has-post-thumbnail","7":"category-cine-y-series","8":"tag-avance-de-stranger-things-3","9":"tag-stranger-things-3-con-juan-alberto-mateyko"},"_links":{"self":[{"href":"https:\/\/www.cordobatimes.com\/showup\/wp-json\/wp\/v2\/posts\/65417","targetHints":{"allow":["GET"]}}],"collection":[{"href":"https:\/\/www.cordobatimes.com\/showup\/wp-json\/wp\/v2\/posts"}],"about":[{"href":"https:\/\/www.cordobatimes.com\/showup\/wp-json\/wp\/v2\/types\/post"}],"author":[{"embeddable":true,"href":"https:\/\/www.cordobatimes.com\/showup\/wp-json\/wp\/v2\/users\/1"}],"replies":[{"embeddable":true,"href":"https:\/\/www.cordobatimes.com\/showup\/wp-json\/wp\/v2\/comments?post=65417"}],"version-history":[{"count":0,"href":"https:\/\/www.cordobatimes.com\/showup\/wp-json\/wp\/v2\/posts\/65417\/revisions"}],"wp:featuredmedia":[{"embeddable":true,"href":"https:\/\/www.cordobatimes.com\/showup\/wp-json\/wp\/v2\/media\/65418"}],"wp:attachment":[{"href":"https:\/\/www.cordobatimes.com\/showup\/wp-json\/wp\/v2\/media?parent=65417"}],"wp:term":[{"taxonomy":"category","embeddable":true,"href":"https:\/\/www.cordobatimes.com\/showup\/wp-json\/wp\/v2\/categories?post=65417"},{"taxonomy":"post_tag","embeddable":true,"href":"https:\/\/www.cordobatimes.com\/showup\/wp-json\/wp\/v2\/tags?post=65417"}],"curies":[{"name":"wp","href":"https:\/\/api.w.org\/{rel}","templated":true}]}}