{"id":65414,"date":"2019-06-28T09:47:05","date_gmt":"2019-06-28T12:47:05","guid":{"rendered":"https:\/\/www.cordobatimes.com\/showup\/?p=65414"},"modified":"2019-06-28T09:47:05","modified_gmt":"2019-06-28T12:47:05","slug":"paulo-londra-estreno-el-videoclip-por-eso-vine","status":"publish","type":"post","link":"https:\/\/www.cordobatimes.com\/showup\/musica\/2019\/06\/28\/paulo-londra-estreno-el-videoclip-por-eso-vine\/","title":{"rendered":"Paulo Londra estren\u00f3 el videoclip \u00abPor eso vine\u00bb"},"content":{"rendered":"<h3><strong>La canci\u00f3n est\u00e1 incluida en su disco Homerun.<\/strong><\/h3>\n<p>A comienzos de junio se conoci\u00f3 la noticia de que Paulo Londra hab\u00eda pasado casi todo un d\u00eda en Barrio, una de las galer\u00edas de G\u00fcemes. El motivo fue la grabaci\u00f3n de un nuevo videoclip, el de la canci\u00f3n Por eso vine, uno de los tracks incluidos en su \u00e1lbum Homerun.<\/p>\n<p>La filmaci\u00f3n tuvo lugar en Gintoner\u00eda, uno de los bares de la zona, que cuenta con mobiliario de colores celestes, plateados y naranjas, una est\u00e9tica muy audiovisual. El joven cordob\u00e9s, una verdadera estrella de la m\u00fasica urbana a sus 21 a\u00f1os, aprovech\u00f3 su paso por el lugar para saludar a algunos fans y tomarse fotograf\u00edas, algunas de las cuales subi\u00f3 a su cuenta de Instagram, donde tiene m\u00e1s de 6 millones de seguidores.<\/p>\n<p>El resultado de ese d\u00eda se vio este jueves, cuando el artista anunci\u00f3 en sus redes el estreno del video. Con m\u00e1s de 17 millones de oyentes mensuales, Londra es el argentino m\u00e1s escuchado en Spotify en todo el mundo y una de las figuras nuevas m\u00e1s resonantes de la m\u00fasica popular en la actualidad.<\/p>\n<p><iframe loading=\"lazy\" width=\"560\" height=\"315\" src=\"https:\/\/www.youtube.com\/embed\/Bd9R1pFlOhQ\" frameborder=\"0\" allow=\"accelerometer; autoplay; encrypted-media; gyroscope; picture-in-picture\" allowfullscreen><\/iframe><\/p>\n","protected":false},"excerpt":{"rendered":"<p>La canci\u00f3n est\u00e1 incluida en su disco Homerun. A comienzos de junio se conoci\u00f3 la noticia de que Paulo Londra hab\u00eda pasado casi todo un d\u00eda en Barrio, una de las galer\u00edas de G\u00fcemes. El motivo fue la grabaci\u00f3n de un nuevo videoclip, el de la canci\u00f3n Por eso vine, uno de los tracks incluidos [&hellip;]<\/p>\n","protected":false},"author":1,"featured_media":65415,"comment_status":"closed","ping_status":"closed","sticky":false,"template":"","format":"standard","meta":{"_seopress_robots_primary_cat":"","_seopress_titles_title":"","_seopress_titles_desc":"","_seopress_robots_index":"","footnotes":""},"categories":[5],"tags":[21367,24092],"class_list":{"0":"post-65414","1":"post","2":"type-post","3":"status-publish","4":"format-standard","5":"has-post-thumbnail","7":"category-musica","8":"tag-paulo-londra","9":"tag-paulo-londra-por-eso-vine"},"_links":{"self":[{"href":"https:\/\/www.cordobatimes.com\/showup\/wp-json\/wp\/v2\/posts\/65414","targetHints":{"allow":["GET"]}}],"collection":[{"href":"https:\/\/www.cordobatimes.com\/showup\/wp-json\/wp\/v2\/posts"}],"about":[{"href":"https:\/\/www.cordobatimes.com\/showup\/wp-json\/wp\/v2\/types\/post"}],"author":[{"embeddable":true,"href":"https:\/\/www.cordobatimes.com\/showup\/wp-json\/wp\/v2\/users\/1"}],"replies":[{"embeddable":true,"href":"https:\/\/www.cordobatimes.com\/showup\/wp-json\/wp\/v2\/comments?post=65414"}],"version-history":[{"count":0,"href":"https:\/\/www.cordobatimes.com\/showup\/wp-json\/wp\/v2\/posts\/65414\/revisions"}],"wp:featuredmedia":[{"embeddable":true,"href":"https:\/\/www.cordobatimes.com\/showup\/wp-json\/wp\/v2\/media\/65415"}],"wp:attachment":[{"href":"https:\/\/www.cordobatimes.com\/showup\/wp-json\/wp\/v2\/media?parent=65414"}],"wp:term":[{"taxonomy":"category","embeddable":true,"href":"https:\/\/www.cordobatimes.com\/showup\/wp-json\/wp\/v2\/categories?post=65414"},{"taxonomy":"post_tag","embeddable":true,"href":"https:\/\/www.cordobatimes.com\/showup\/wp-json\/wp\/v2\/tags?post=65414"}],"curies":[{"name":"wp","href":"https:\/\/api.w.org\/{rel}","templated":true}]}}