{"id":65404,"date":"2019-06-27T10:00:45","date_gmt":"2019-06-27T13:00:45","guid":{"rendered":"https:\/\/www.cordobatimes.com\/showup\/?p=65404"},"modified":"2019-06-27T10:00:45","modified_gmt":"2019-06-27T13:00:45","slug":"nuevo-trailer-de-la-temporada-final-de-orange-is-the-new-black","status":"publish","type":"post","link":"https:\/\/www.cordobatimes.com\/showup\/cine-y-series\/2019\/06\/27\/nuevo-trailer-de-la-temporada-final-de-orange-is-the-new-black\/","title":{"rendered":"Nuevo tr\u00e1iler de la temporada final de \u00abOrange is the new black\u00bb"},"content":{"rendered":"<h3><strong>La serie carcelaria se despide con su s\u00e9ptima temporada.\u00a0<\/strong><\/h3>\n<p>Orange is the new black fue una de las primeras series originales de Netflix y sin lugar a dudas de las m\u00e1s interesantes. La ficci\u00f3n carcelaria estren\u00f3 en 2013, cuando la plataforma ten\u00eda una oferta de producciones propias m\u00e1s peque\u00f1a pero de mejor calidad. House of cards sali\u00f3 en el mismo a\u00f1o y fue otro de los caballitos de batalla del gigante de streaming.<\/p>\n<p>La serie que cuenta la historia de Piper Chapman llegar\u00e1 a su final el 26 de julio pr\u00f3ximo, cuando estrene su s\u00e9ptima y \u00faltima temporada. A la fecha es la producci\u00f3n m\u00e1s longeva de Netflix.<\/p>\n<p>\u201cUn color nos uni\u00f3. Un color inspir\u00f3 el cambio. Un color inici\u00f3 un movimiento. Un color nos dio esperanza\u201d, es el lema con el que se despide\u00a0Orange is the new black. Y de cara al final definitivo, Netflix public\u00f3 un nuevo tr\u00e1iler (ver en el\u00a0player\u00a0de arriba) y un afiche promocional.<\/p>\n<p>\u201cEn su temporada final, las damas de Litchfield llegan a un acuerdo con el hecho de que la prisi\u00f3n las ha cambiado para siempre. Piper lucha con la vida en el exterior, mientras que la vida en Max, tan corrupta e injusta como siempre, contin\u00faa sin ella. La amistad entre Taystee y Cindy todav\u00eda est\u00e1 en juego mientras se avecina su sentencia, Gloria y su personal de cocina se enfrentan a la dura verdad de la nueva fuente de ganancias de Polycon, mientras que otros persiguen drogas o sue\u00f1os y se enfrentan a la realidad de su lugar en este mundo\u201d, adelanta la sinopsis oficial.<\/p>\n<p>Como agradecimiento a los seguidores m\u00e1s fieles de la serie, el elenco y los creadores de Orange is the new black le dieron la posibilidad de crear el key art (arte) del final de la serie. Diez artistas de diferentes pa\u00edses del mundo (Reino Unido, Armenia, Brasil, Italia y Estados Unidos) fueron seleccionados a trav\u00e9s de las redes sociales para mostrar su pieza en colectivos, edificios y carteles. La acci\u00f3n se realiza en el marco de la celebraci\u00f3n del estreno de la temporada final.<\/p>\n<p><img alt=\"\" loading=\"lazy\" decoding=\"async\" class=\"alignnone size-full wp-image-65406\" src=\"https:\/\/www.cordobatimes.com\/showup\/wp-content\/uploads\/2019\/06\/OITNB_1561563401.jpg\" alt=\"\" width=\"1500\" height=\"2222\" srcset=\"https:\/\/www.cordobatimes.com\/showup\/wp-content\/uploads\/2019\/06\/OITNB_1561563401.jpg 1500w, https:\/\/www.cordobatimes.com\/showup\/wp-content\/uploads\/2019\/06\/OITNB_1561563401-284x420.jpg 284w, https:\/\/www.cordobatimes.com\/showup\/wp-content\/uploads\/2019\/06\/OITNB_1561563401-768x1138.jpg 768w, https:\/\/www.cordobatimes.com\/showup\/wp-content\/uploads\/2019\/06\/OITNB_1561563401-691x1024.jpg 691w, https:\/\/www.cordobatimes.com\/showup\/wp-content\/uploads\/2019\/06\/OITNB_1561563401-696x1031.jpg 696w, https:\/\/www.cordobatimes.com\/showup\/wp-content\/uploads\/2019\/06\/OITNB_1561563401-1068x1582.jpg 1068w\" sizes=\"auto, (max-width: 1500px) 100vw, 1500px\" \/><\/p>\n<p><iframe loading=\"lazy\" src=\"https:\/\/api.vodgc.net\/player\/v2\/embed\/playerId\/1FMX3V1500998386\/contentId\/770301#amp=1\" frameborder=\"0\" allowfullscreen width=\"650\" height=\"390\" scrolling=\"no\"><\/iframe><\/p>\n","protected":false},"excerpt":{"rendered":"<p>La serie carcelaria se despide con su s\u00e9ptima temporada.\u00a0 Orange is the new black fue una de las primeras series originales de Netflix y sin lugar a dudas de las m\u00e1s interesantes. La ficci\u00f3n carcelaria estren\u00f3 en 2013, cuando la plataforma ten\u00eda una oferta de producciones propias m\u00e1s peque\u00f1a pero de mejor calidad. House of [&hellip;]<\/p>\n","protected":false},"author":1,"featured_media":65405,"comment_status":"closed","ping_status":"closed","sticky":false,"template":"","format":"standard","meta":{"_seopress_robots_primary_cat":"","_seopress_titles_title":"","_seopress_titles_desc":"","_seopress_robots_index":"","footnotes":""},"categories":[3],"tags":[24089],"class_list":{"0":"post-65404","1":"post","2":"type-post","3":"status-publish","4":"format-standard","5":"has-post-thumbnail","7":"category-cine-y-series","8":"tag-temporada-final-de-orange-is-the-new-black"},"_links":{"self":[{"href":"https:\/\/www.cordobatimes.com\/showup\/wp-json\/wp\/v2\/posts\/65404","targetHints":{"allow":["GET"]}}],"collection":[{"href":"https:\/\/www.cordobatimes.com\/showup\/wp-json\/wp\/v2\/posts"}],"about":[{"href":"https:\/\/www.cordobatimes.com\/showup\/wp-json\/wp\/v2\/types\/post"}],"author":[{"embeddable":true,"href":"https:\/\/www.cordobatimes.com\/showup\/wp-json\/wp\/v2\/users\/1"}],"replies":[{"embeddable":true,"href":"https:\/\/www.cordobatimes.com\/showup\/wp-json\/wp\/v2\/comments?post=65404"}],"version-history":[{"count":0,"href":"https:\/\/www.cordobatimes.com\/showup\/wp-json\/wp\/v2\/posts\/65404\/revisions"}],"wp:featuredmedia":[{"embeddable":true,"href":"https:\/\/www.cordobatimes.com\/showup\/wp-json\/wp\/v2\/media\/65405"}],"wp:attachment":[{"href":"https:\/\/www.cordobatimes.com\/showup\/wp-json\/wp\/v2\/media?parent=65404"}],"wp:term":[{"taxonomy":"category","embeddable":true,"href":"https:\/\/www.cordobatimes.com\/showup\/wp-json\/wp\/v2\/categories?post=65404"},{"taxonomy":"post_tag","embeddable":true,"href":"https:\/\/www.cordobatimes.com\/showup\/wp-json\/wp\/v2\/tags?post=65404"}],"curies":[{"name":"wp","href":"https:\/\/api.w.org\/{rel}","templated":true}]}}