{"id":65392,"date":"2019-06-26T17:47:47","date_gmt":"2019-06-26T20:47:47","guid":{"rendered":"https:\/\/www.cordobatimes.com\/showup\/?p=65392"},"modified":"2019-06-26T17:47:47","modified_gmt":"2019-06-26T20:47:47","slug":"la-familia-del-dj-avicii-subio-un-video-a-su-canal-de-youtube-en-forma-de-homenaje","status":"publish","type":"post","link":"https:\/\/www.cordobatimes.com\/showup\/musica\/2019\/06\/26\/la-familia-del-dj-avicii-subio-un-video-a-su-canal-de-youtube-en-forma-de-homenaje\/","title":{"rendered":"La familia del dj Avicii subi\u00f3 un video a su canal de YouTube en forma de homenaje."},"content":{"rendered":"<h3><strong>Publican un video p\u00f3stumo de Avicii.<\/strong><\/h3>\n<p>La familia de Avicii public\u00f3 en su cuenta de YouTube el video de \u201cHeaven\u201d, el track que el fallecido dj escribi\u00f3 y grab\u00f3 junto a Chris Martin de Coldplay en 2014.<\/p>\n<p>El track forma parte del disco \u201cTim\u201d (por Tim Bergling, verdadero nombre del artista), y su video est\u00e1 dirigido por Levan Tsikurishvili, un amigo y colaborador de Avicii desde 2013. En el audiovisual se pueden ver las vacaciones que el dj se tom\u00f3 en Nosy Boraha, una isla de Madagascar junto al director y Awat, un amigo de la infancia.<\/p>\n<p>Tsikurishvili escribi\u00f3 en la descripci\u00f3n de la grabaci\u00f3n que se trata de \u201cuna colecci\u00f3n de videos tomados con su Smartphone y alg\u00fan que otro material no utilizado del documental Avicii: true stoies, as\u00ed como algunas animaciones en 3D para recrear los momentos que no ten\u00eda grabados\u201d.<\/p>\n<p>Tambi\u00e9n cont\u00f3 que regres\u00f3 a la misma isla de Madagascar dos a\u00f1os y medio despu\u00e9s del viaje que realiz\u00f3 junto a sus amigos y registr\u00f3 otros momentos para recrear los recuerdos y honrar a Avicii.<\/p>\n<p>El dj se quit\u00f3 la vida el 20 de abril de 2018 en Om\u00e1n y que \u00abTim\u00bb sali\u00f3 a la venta el reciente 6 de junio.<\/p>\n<p><iframe loading=\"lazy\" src=\"https:\/\/www.youtube.com\/embed\/fqzhtvLWefA\" width=\"560\" height=\"315\" frameborder=\"0\" allowfullscreen=\"allowfullscreen\"><\/iframe><\/p>\n","protected":false},"excerpt":{"rendered":"<p>Publican un video p\u00f3stumo de Avicii. La familia de Avicii public\u00f3 en su cuenta de YouTube el video de \u201cHeaven\u201d, el track que el fallecido dj escribi\u00f3 y grab\u00f3 junto a Chris Martin de Coldplay en 2014. El track forma parte del disco \u201cTim\u201d (por Tim Bergling, verdadero nombre del artista), y su video est\u00e1 [&hellip;]<\/p>\n","protected":false},"author":1,"featured_media":65393,"comment_status":"closed","ping_status":"closed","sticky":false,"template":"","format":"standard","meta":{"_seopress_robots_primary_cat":"","_seopress_titles_title":"","_seopress_titles_desc":"","_seopress_robots_index":"","footnotes":""},"categories":[5],"tags":[24085,24084,24082,24083],"class_list":{"0":"post-65392","1":"post","2":"type-post","3":"status-publish","4":"format-standard","5":"has-post-thumbnail","7":"category-musica","8":"tag-avicii-tim","9":"tag-chris-martin-de-coldplay","10":"tag-dj-avicii","11":"tag-heaven"},"_links":{"self":[{"href":"https:\/\/www.cordobatimes.com\/showup\/wp-json\/wp\/v2\/posts\/65392","targetHints":{"allow":["GET"]}}],"collection":[{"href":"https:\/\/www.cordobatimes.com\/showup\/wp-json\/wp\/v2\/posts"}],"about":[{"href":"https:\/\/www.cordobatimes.com\/showup\/wp-json\/wp\/v2\/types\/post"}],"author":[{"embeddable":true,"href":"https:\/\/www.cordobatimes.com\/showup\/wp-json\/wp\/v2\/users\/1"}],"replies":[{"embeddable":true,"href":"https:\/\/www.cordobatimes.com\/showup\/wp-json\/wp\/v2\/comments?post=65392"}],"version-history":[{"count":0,"href":"https:\/\/www.cordobatimes.com\/showup\/wp-json\/wp\/v2\/posts\/65392\/revisions"}],"wp:featuredmedia":[{"embeddable":true,"href":"https:\/\/www.cordobatimes.com\/showup\/wp-json\/wp\/v2\/media\/65393"}],"wp:attachment":[{"href":"https:\/\/www.cordobatimes.com\/showup\/wp-json\/wp\/v2\/media?parent=65392"}],"wp:term":[{"taxonomy":"category","embeddable":true,"href":"https:\/\/www.cordobatimes.com\/showup\/wp-json\/wp\/v2\/categories?post=65392"},{"taxonomy":"post_tag","embeddable":true,"href":"https:\/\/www.cordobatimes.com\/showup\/wp-json\/wp\/v2\/tags?post=65392"}],"curies":[{"name":"wp","href":"https:\/\/api.w.org\/{rel}","templated":true}]}}