{"id":65376,"date":"2019-06-25T10:47:28","date_gmt":"2019-06-25T13:47:28","guid":{"rendered":"https:\/\/www.cordobatimes.com\/showup\/?p=65376"},"modified":"2019-06-25T10:47:28","modified_gmt":"2019-06-25T13:47:28","slug":"martin-palermo-en-la-nueva-promo-de-la-casa-de-papel-3","status":"publish","type":"post","link":"https:\/\/www.cordobatimes.com\/showup\/cine-y-series\/2019\/06\/25\/martin-palermo-en-la-nueva-promo-de-la-casa-de-papel-3\/","title":{"rendered":"Mart\u00edn Palermo en la nueva promo de \u201cLa casa de papel 3\u201d"},"content":{"rendered":"<h3><strong>El ex futbolista despliega toda su paranoia cuando se entera que supuestamente estar\u00e1 en la nueva temporada de la serie.<\/strong><\/h3>\n<p>Hace unos d\u00edas se confirm\u00f3 que Palermo ser\u00e1 uno de los nuevos personajes de la tercera temporada de La casa de papel. Lo que no termin\u00f3 de entender Mart\u00edn Palermo es que no se trata de \u00e9l, sino del personaje que interpretar\u00e1 Rodrigo de la Serna, flamante incorporaci\u00f3n de la ficci\u00f3n.<\/p>\n<p>El exjugador de Boca es el protagonista del nuevo spot promocional que Netflix liber\u00f3 de cara al estreno de los nuevos cap\u00edtulos de la serie. En el video, \u201cEl Loco\u201d lee una noticia que anuncia: \u201cPalermo, nuevo miembro de la banda de La casa de papel\u201d.<\/p>\n<p>La paranoia de Mart\u00edn no tarda en surgir y tiembla ante las sirenas de la polic\u00eda que se escuchan a lo lejos. Tambi\u00e9n trata de pasar inadvertido con un buzo rojo con capucha, como los que usan los personajes de la serie.<\/p>\n<p>Adem\u00e1s, repite ante el espejo algunas frases como poni\u00e9ndose en clima para el inminente estreno. \u00abEsto es un atraco\u00bb, \u00abHostia\u00bb, \u00abVamos a liberar a R\u00edo\u00bb y \u00abEmpieza el matriarcado\u00bb, repite el exfutbolista frente al espejo.<\/p>\n<p>La tercera temporada de La casa de papel llegar\u00e1 a Netflix el 19 de julio pr\u00f3ximo. En esta nueva entrega de la serie, ser\u00e1 un rescate el eje de la historia.<\/p>\n<p>\u00abDespu\u00e9s de conseguir huir con los mil millones de euros de la FNMT, El Profesor recibe una llamada: uno de los miembros de la banda ha sido capturado. La \u00fanica manera de rescatarlo, y de proteger el paradero secreto de los dem\u00e1s, es volver a reunirlos a todos para llevar a cabo un nuevo atraco, el atraco m\u00e1s grande jam\u00e1s pensado\u00bb, adelanta la sinopsis oficial liberada por la plataforma de streaming.<\/p>\n<p>Adem\u00e1s de Rodrigo de la Serna, se suman a la nueva temporada Luka Peros como Marsella y Hovik Keuchkerian en el papel de Bogot\u00e1.<\/p>\n<blockquote class=\"twitter-tweet\">\n<p dir=\"ltr\" lang=\"it\">Benvenuto, Palermo. \ud83c\uddee\ud83c\uddf9 <a href=\"https:\/\/twitter.com\/NetflixIT?ref_src=twsrc%5Etfw\">@netflixit<\/a> <a href=\"https:\/\/t.co\/sybk0sgjP0\">pic.twitter.com\/sybk0sgjP0<\/a><\/p>\n<p>\u2014 La Casa de Papel (@lacasadepapel) <a href=\"https:\/\/twitter.com\/lacasadepapel\/status\/1141695129008390144?ref_src=twsrc%5Etfw\">June 20, 2019<\/a><\/p><\/blockquote>\n<p><script async src=\"https:\/\/platform.twitter.com\/widgets.js\" charset=\"utf-8\"><\/script><\/p>\n<p><iframe loading=\"lazy\" src=\"https:\/\/api.vodgc.net\/player\/v2\/embed\/playerId\/1FMX3V1500998386\/contentId\/769193#amp=1\" width=\"650\" height=\"390\" frameborder=\"0\" scrolling=\"no\" allowfullscreen=\"allowfullscreen\"><\/iframe><\/p>\n","protected":false},"excerpt":{"rendered":"<p>El ex futbolista despliega toda su paranoia cuando se entera que supuestamente estar\u00e1 en la nueva temporada de la serie. Hace unos d\u00edas se confirm\u00f3 que Palermo ser\u00e1 uno de los nuevos personajes de la tercera temporada de La casa de papel. Lo que no termin\u00f3 de entender Mart\u00edn Palermo es que no se trata [&hellip;]<\/p>\n","protected":false},"author":1,"featured_media":65377,"comment_status":"closed","ping_status":"closed","sticky":false,"template":"","format":"standard","meta":{"_seopress_robots_primary_cat":"","_seopress_titles_title":"","_seopress_titles_desc":"","_seopress_robots_index":"","footnotes":""},"categories":[3],"tags":[23038,8471,24075],"class_list":{"0":"post-65376","1":"post","2":"type-post","3":"status-publish","4":"format-standard","5":"has-post-thumbnail","7":"category-cine-y-series","8":"tag-la-casa-de-papel-3","9":"tag-martin-palermo","10":"tag-personajes-de-la-tercera-temporada-de-la-casa-de-papel"},"_links":{"self":[{"href":"https:\/\/www.cordobatimes.com\/showup\/wp-json\/wp\/v2\/posts\/65376","targetHints":{"allow":["GET"]}}],"collection":[{"href":"https:\/\/www.cordobatimes.com\/showup\/wp-json\/wp\/v2\/posts"}],"about":[{"href":"https:\/\/www.cordobatimes.com\/showup\/wp-json\/wp\/v2\/types\/post"}],"author":[{"embeddable":true,"href":"https:\/\/www.cordobatimes.com\/showup\/wp-json\/wp\/v2\/users\/1"}],"replies":[{"embeddable":true,"href":"https:\/\/www.cordobatimes.com\/showup\/wp-json\/wp\/v2\/comments?post=65376"}],"version-history":[{"count":0,"href":"https:\/\/www.cordobatimes.com\/showup\/wp-json\/wp\/v2\/posts\/65376\/revisions"}],"wp:featuredmedia":[{"embeddable":true,"href":"https:\/\/www.cordobatimes.com\/showup\/wp-json\/wp\/v2\/media\/65377"}],"wp:attachment":[{"href":"https:\/\/www.cordobatimes.com\/showup\/wp-json\/wp\/v2\/media?parent=65376"}],"wp:term":[{"taxonomy":"category","embeddable":true,"href":"https:\/\/www.cordobatimes.com\/showup\/wp-json\/wp\/v2\/categories?post=65376"},{"taxonomy":"post_tag","embeddable":true,"href":"https:\/\/www.cordobatimes.com\/showup\/wp-json\/wp\/v2\/tags?post=65376"}],"curies":[{"name":"wp","href":"https:\/\/api.w.org\/{rel}","templated":true}]}}