{"id":65373,"date":"2019-06-25T10:10:23","date_gmt":"2019-06-25T13:10:23","guid":{"rendered":"https:\/\/www.cordobatimes.com\/showup\/?p=65373"},"modified":"2019-06-25T10:10:23","modified_gmt":"2019-06-25T13:10:23","slug":"lucrecia-martel-sera-la-presidenta-de-el-jurado-del-festival-de-venecia-2019","status":"publish","type":"post","link":"https:\/\/www.cordobatimes.com\/showup\/cine-y-series\/2019\/06\/25\/lucrecia-martel-sera-la-presidenta-de-el-jurado-del-festival-de-venecia-2019\/","title":{"rendered":"Lucrecia Martel ser\u00e1 la presidenta de el jurado del Festival de Venecia 2019"},"content":{"rendered":"<h3><strong>El festival se celebrar\u00e1 entre el 28 de agosto y el 7 de septiembre.<\/strong><\/h3>\n<p>La directora argentina Lucrecia Martel ser\u00e1 la presidenta del jurado de la 76\u00aa edici\u00f3n del Festival Internacional de Cine de Venecia, que se celebrar\u00e1 entre el 28 de agosto y el 7 de septiembre. Precisamente, la cineasta present\u00f3 su \u00faltimo largometraje, Zama, en el certamen italiano en 2017.<\/p>\n<p>El director del Festival, Alberto Barbera, ha destacado la labor de la directora de &#8216;La ni\u00f1a santa&#8217; y &#8216;La mujer sin cabeza (La mujer rubia)&#8217;. \u00abEs la mujer cineasta m\u00e1s importante de Iberoam\u00e9rica y una de las realizadoras m\u00e1s reconocidas a nivel mundial\u00bb, coment\u00f3 Barbera en un comunicado, en el que destaca que Martel ha conseguido ese reconocimiento gracias \u00abcuatro largometrajes y un buen n\u00fameros de cortos\u00bb que ha dirigido en sus dos d\u00e9cadas de carrera.<\/p>\n<p>\u00abEs un honor, una responsabilidad y placer ser parte de esta celebraci\u00f3n del cine y del inmenso deseo de la Humanidad de entenderse a s\u00ed misma\u00bb, escribi\u00f3 Martel en un comunicado. Con su \u00faltima pel\u00edcula, Zama, la directora tuvo el aplauso de la cr\u00edtica, logrando diez Premios Sur, entre ellos del mejor largometraje, as\u00ed como tambi\u00e9n una Menci\u00f3n Especial en el 14\u00ba Festival de Cine Europeo de Sevilla y una candidatura a los 32\u00ba Premios Goya al mejor filme iberoamericano.<\/p>\n<p>Martel encabezar\u00e1 el jurado encargado de otorgar el Le\u00f3n de Oro y los Leones de Plata de la Selecci\u00f3n Oficial del festival. De momento, se desconocen los nombres del resto de miembros que elegir\u00e1 a los premiados de la Biennale. Entre los presidentes m\u00e1s recientes de Venecia, el festival de cine m\u00e1s antiguo del mundo, han estado nombres como los de Sam Mendes, Annette Bening y Guillermo del Toro.<\/p>\n<p>Lucrecia Martel naci\u00f3 el 14 de diciembre de 1966 en Salta, Argentina. En 2001 dirigi\u00f3 su \u00f3pera prima, La ci\u00e9naga, premio Alfred Bauer en el 51\u00ba Festival de Berl\u00edn y ganadora del galard\u00f3n al mejor guion en el Festival de Sundance. En 2004 opt\u00f3 por la Palma de Oro de Cannes por La ni\u00f1a santa.<\/p>\n","protected":false},"excerpt":{"rendered":"<p>El festival se celebrar\u00e1 entre el 28 de agosto y el 7 de septiembre. La directora argentina Lucrecia Martel ser\u00e1 la presidenta del jurado de la 76\u00aa edici\u00f3n del Festival Internacional de Cine de Venecia, que se celebrar\u00e1 entre el 28 de agosto y el 7 de septiembre. Precisamente, la cineasta present\u00f3 su \u00faltimo largometraje, [&hellip;]<\/p>\n","protected":false},"author":1,"featured_media":65374,"comment_status":"closed","ping_status":"closed","sticky":false,"template":"","format":"standard","meta":{"_seopress_robots_primary_cat":"","_seopress_titles_title":"","_seopress_titles_desc":"","_seopress_robots_index":"","footnotes":""},"categories":[3],"tags":[24074,24073],"class_list":{"0":"post-65373","1":"post","2":"type-post","3":"status-publish","4":"format-standard","5":"has-post-thumbnail","7":"category-cine-y-series","8":"tag-festival-de-venecia-2019","9":"tag-lucrecia-martel"},"_links":{"self":[{"href":"https:\/\/www.cordobatimes.com\/showup\/wp-json\/wp\/v2\/posts\/65373","targetHints":{"allow":["GET"]}}],"collection":[{"href":"https:\/\/www.cordobatimes.com\/showup\/wp-json\/wp\/v2\/posts"}],"about":[{"href":"https:\/\/www.cordobatimes.com\/showup\/wp-json\/wp\/v2\/types\/post"}],"author":[{"embeddable":true,"href":"https:\/\/www.cordobatimes.com\/showup\/wp-json\/wp\/v2\/users\/1"}],"replies":[{"embeddable":true,"href":"https:\/\/www.cordobatimes.com\/showup\/wp-json\/wp\/v2\/comments?post=65373"}],"version-history":[{"count":0,"href":"https:\/\/www.cordobatimes.com\/showup\/wp-json\/wp\/v2\/posts\/65373\/revisions"}],"wp:featuredmedia":[{"embeddable":true,"href":"https:\/\/www.cordobatimes.com\/showup\/wp-json\/wp\/v2\/media\/65374"}],"wp:attachment":[{"href":"https:\/\/www.cordobatimes.com\/showup\/wp-json\/wp\/v2\/media?parent=65373"}],"wp:term":[{"taxonomy":"category","embeddable":true,"href":"https:\/\/www.cordobatimes.com\/showup\/wp-json\/wp\/v2\/categories?post=65373"},{"taxonomy":"post_tag","embeddable":true,"href":"https:\/\/www.cordobatimes.com\/showup\/wp-json\/wp\/v2\/tags?post=65373"}],"curies":[{"name":"wp","href":"https:\/\/api.w.org\/{rel}","templated":true}]}}