{"id":65350,"date":"2019-06-21T11:36:10","date_gmt":"2019-06-21T14:36:10","guid":{"rendered":"https:\/\/www.cordobatimes.com\/showup\/?p=65350"},"modified":"2019-06-21T11:36:10","modified_gmt":"2019-06-21T14:36:10","slug":"se-revelo-el-apodo-del-personaje-de-rodrigo-de-la-serna-en-la-casa-de-papel-3","status":"publish","type":"post","link":"https:\/\/www.cordobatimes.com\/showup\/cine-y-series\/2019\/06\/21\/se-revelo-el-apodo-del-personaje-de-rodrigo-de-la-serna-en-la-casa-de-papel-3\/","title":{"rendered":"Se revel\u00f3 el apodo del personaje de Rodrigo de la Serna en \u00abLa Casa de Papel 3\u00bb"},"content":{"rendered":"<h3><strong>Cada vez falta menos para el estreno de la exitosa ficci\u00f3n espa\u00f1ola.<\/strong><\/h3>\n<p>La Casa de Papel\u00a0es una de las series m\u00e1s populares de los \u00faltimos tiempos\u00a0y lo cierto es que todos los temas que se relacionan con robos a bancos y una especie de justicia social de los pobres contra los ricos, funciona.<\/p>\n<p>\u00abBienvenido a la banda, Palermo\u00bb, dice\u00a0El Profesor\u00a0antes de darle la m\u00e1scara de Dal\u00ed que usaron los protagonistas en las temporadas anteriores y que De la Serna se coloca en el rostro.\u00a0El Ingeniero,\u00a0ser\u00e1 el personaje del actor argentino.<\/p>\n<p>Aunque en un principio se pens\u00f3 que tal vez el\u00a0Chino Dar\u00edn\u00a0formar\u00eda parte de la historia, por su vinculaci\u00f3n con\u00a0\u00darsula Cober\u00f3\u00a0-Tokio en la serie-lo cierto es que el actor que interpret\u00f3 al\u00a0Papa Francisco\u00a0ser\u00e1 quien le d\u00e9 el toque argento a esta serie espa\u00f1ola.<\/p>\n<p>Netflix estrenar\u00e1 en breve su tercera temporada y todos los fan\u00e1ticos de la serie la esperan con mucha expectativa.\u00a0El Profesor\u00a0fue quien present\u00f3 a los nuevos miembros de la banda y hay m\u00e1s de uno que se qued\u00f3 sorprendido.<\/p>\n<p>Cabe destacar que reci\u00e9n es el mes que viene el estreno de la serie pero para todos los argentinos, el hecho de saber que Rodrigo de la Serna ser\u00e1 uno de los actores de esta emisi\u00f3n los tiene muy emocionados, m\u00e1s que de costumbre.<\/p>\n<p>En un video que comparti\u00f3 la plataforma de streaming a trav\u00e9s de sus redes sociales, dej\u00f3 claro que el actor ya tiene el traje rojo puesto y est\u00e1 m\u00e1s que listo para enfrentar este nuevo desaf\u00edo art\u00edstico que lo tiene en la luna.<\/p>\n<p>Cabe destacar que\u00a0Rodrigo de la Serna fue pap\u00e1 por segunda vez\u00a0hace muy poco y el hecho de grabar para La casa de papel supuso un sacrificio muy grande ya que tuvo que dividir su tiempo entre las filmaciones y su familia, con la que se muestra completamente encantado.<\/p>\n<p>La serie tiene fecha de estreno para el 19 de julio\u00a0y en el video difundido en las \u00faltimas horas se nota que ser\u00e1 uno de los m\u00e1s rebeldes de la tercera temporada, en donde seg\u00fan dicen los fan\u00e1ticos, pasar\u00e1 de todo.<\/p>\n<p><iframe loading=\"lazy\" width=\"560\" height=\"315\" src=\"https:\/\/www.youtube.com\/embed\/BpO757qMu08\" frameborder=\"0\" allow=\"accelerometer; autoplay; encrypted-media; gyroscope; picture-in-picture\" allowfullscreen><\/iframe><\/p>\n","protected":false},"excerpt":{"rendered":"<p>Cada vez falta menos para el estreno de la exitosa ficci\u00f3n espa\u00f1ola. La Casa de Papel\u00a0es una de las series m\u00e1s populares de los \u00faltimos tiempos\u00a0y lo cierto es que todos los temas que se relacionan con robos a bancos y una especie de justicia social de los pobres contra los ricos, funciona. \u00abBienvenido a [&hellip;]<\/p>\n","protected":false},"author":1,"featured_media":65351,"comment_status":"closed","ping_status":"closed","sticky":false,"template":"","format":"standard","meta":{"_seopress_robots_primary_cat":"","_seopress_titles_title":"","_seopress_titles_desc":"","_seopress_robots_index":"","footnotes":""},"categories":[3],"tags":[24065,24066],"class_list":{"0":"post-65350","1":"post","2":"type-post","3":"status-publish","4":"format-standard","5":"has-post-thumbnail","7":"category-cine-y-series","8":"tag-personaje-de-rodrigo-de-la-serna-en-la-casa-de-papel-3","9":"tag-rodrigo-de-la-serna-en-la-casa-de-papel-3"},"_links":{"self":[{"href":"https:\/\/www.cordobatimes.com\/showup\/wp-json\/wp\/v2\/posts\/65350","targetHints":{"allow":["GET"]}}],"collection":[{"href":"https:\/\/www.cordobatimes.com\/showup\/wp-json\/wp\/v2\/posts"}],"about":[{"href":"https:\/\/www.cordobatimes.com\/showup\/wp-json\/wp\/v2\/types\/post"}],"author":[{"embeddable":true,"href":"https:\/\/www.cordobatimes.com\/showup\/wp-json\/wp\/v2\/users\/1"}],"replies":[{"embeddable":true,"href":"https:\/\/www.cordobatimes.com\/showup\/wp-json\/wp\/v2\/comments?post=65350"}],"version-history":[{"count":0,"href":"https:\/\/www.cordobatimes.com\/showup\/wp-json\/wp\/v2\/posts\/65350\/revisions"}],"wp:featuredmedia":[{"embeddable":true,"href":"https:\/\/www.cordobatimes.com\/showup\/wp-json\/wp\/v2\/media\/65351"}],"wp:attachment":[{"href":"https:\/\/www.cordobatimes.com\/showup\/wp-json\/wp\/v2\/media?parent=65350"}],"wp:term":[{"taxonomy":"category","embeddable":true,"href":"https:\/\/www.cordobatimes.com\/showup\/wp-json\/wp\/v2\/categories?post=65350"},{"taxonomy":"post_tag","embeddable":true,"href":"https:\/\/www.cordobatimes.com\/showup\/wp-json\/wp\/v2\/tags?post=65350"}],"curies":[{"name":"wp","href":"https:\/\/api.w.org\/{rel}","templated":true}]}}