{"id":65320,"date":"2019-06-20T10:31:00","date_gmt":"2019-06-20T13:31:00","guid":{"rendered":"https:\/\/www.cordobatimes.com\/showup\/?p=65320"},"modified":"2019-06-20T10:31:00","modified_gmt":"2019-06-20T13:31:00","slug":"la-familia-de-sergio-denis-busca-activar-una-nueva-estrategia-de-rehabilitacion","status":"publish","type":"post","link":"https:\/\/www.cordobatimes.com\/showup\/famosos\/2019\/06\/20\/la-familia-de-sergio-denis-busca-activar-una-nueva-estrategia-de-rehabilitacion\/","title":{"rendered":"La familia de Sergio Denis busca activar una nueva estrategia de rehabilitaci\u00f3n"},"content":{"rendered":"<h3><strong>Sus familiares buscan otras alternativas ante la ausencia de cambios significativos en su estado de salud.<\/strong><\/h3>\n<p>Pasaron m\u00e1s de tres meses desde el accidente que sufri\u00f3 Sergio Denisen el teatro Mercedes Sosa de la ciudad de Tucum\u00e1n. Desde ese entonces, el cantante se encuentra internado en terapia intensiva y sus familiares y amigos aguardan esperanzados por su mejor\u00eda.<\/p>\n<p>Por el momento, los consecutivos partes m\u00e9dicos emitidos desde el hospital donde se encuentra internado Denis apuntan a que no hay cambios significativos a nivel neurol\u00f3gico, por lo que sus allegados buscan nuevas estrategias de rehabilitaci\u00f3n.<\/p>\n<p>Seg\u00fan trascendi\u00f3, sus hijos y hermanos decidieron en las \u00faltimas semanas hacer nuevas consultas con especialistas.<\/p>\n<p>\u00abSe llevan adelante sesiones kinesiol\u00f3gicas de manera manual y a trav\u00e9s de aparatos. Adem\u00e1s, algunos d\u00edas de la semana lo trasladan a otros centros m\u00e9dicos para hacerle estudios complementarios\u00bb, dijo Diego Colombo, abogado del cantante<\/p>\n","protected":false},"excerpt":{"rendered":"<p>Sus familiares buscan otras alternativas ante la ausencia de cambios significativos en su estado de salud. Pasaron m\u00e1s de tres meses desde el accidente que sufri\u00f3 Sergio Denisen el teatro Mercedes Sosa de la ciudad de Tucum\u00e1n. Desde ese entonces, el cantante se encuentra internado en terapia intensiva y sus familiares y amigos aguardan esperanzados [&hellip;]<\/p>\n","protected":false},"author":1,"featured_media":65321,"comment_status":"closed","ping_status":"closed","sticky":false,"template":"","format":"standard","meta":{"_seopress_robots_primary_cat":"","_seopress_titles_title":"","_seopress_titles_desc":"","_seopress_robots_index":"","footnotes":""},"categories":[4],"tags":[23256,24057,24056],"class_list":{"0":"post-65320","1":"post","2":"type-post","3":"status-publish","4":"format-standard","5":"has-post-thumbnail","7":"category-famosos","8":"tag-estado-de-salud-de-sergio-denis","9":"tag-estrategia-de-rehabilitacion","10":"tag-familia-de-sergio-denis"},"_links":{"self":[{"href":"https:\/\/www.cordobatimes.com\/showup\/wp-json\/wp\/v2\/posts\/65320","targetHints":{"allow":["GET"]}}],"collection":[{"href":"https:\/\/www.cordobatimes.com\/showup\/wp-json\/wp\/v2\/posts"}],"about":[{"href":"https:\/\/www.cordobatimes.com\/showup\/wp-json\/wp\/v2\/types\/post"}],"author":[{"embeddable":true,"href":"https:\/\/www.cordobatimes.com\/showup\/wp-json\/wp\/v2\/users\/1"}],"replies":[{"embeddable":true,"href":"https:\/\/www.cordobatimes.com\/showup\/wp-json\/wp\/v2\/comments?post=65320"}],"version-history":[{"count":0,"href":"https:\/\/www.cordobatimes.com\/showup\/wp-json\/wp\/v2\/posts\/65320\/revisions"}],"wp:featuredmedia":[{"embeddable":true,"href":"https:\/\/www.cordobatimes.com\/showup\/wp-json\/wp\/v2\/media\/65321"}],"wp:attachment":[{"href":"https:\/\/www.cordobatimes.com\/showup\/wp-json\/wp\/v2\/media?parent=65320"}],"wp:term":[{"taxonomy":"category","embeddable":true,"href":"https:\/\/www.cordobatimes.com\/showup\/wp-json\/wp\/v2\/categories?post=65320"},{"taxonomy":"post_tag","embeddable":true,"href":"https:\/\/www.cordobatimes.com\/showup\/wp-json\/wp\/v2\/tags?post=65320"}],"curies":[{"name":"wp","href":"https:\/\/api.w.org\/{rel}","templated":true}]}}