{"id":65296,"date":"2019-06-19T09:26:56","date_gmt":"2019-06-19T12:26:56","guid":{"rendered":"https:\/\/www.cordobatimes.com\/showup\/?p=65296"},"modified":"2019-06-19T09:26:56","modified_gmt":"2019-06-19T12:26:56","slug":"nuevo-trailer-de-la-odisea-de-los-giles","status":"publish","type":"post","link":"https:\/\/www.cordobatimes.com\/showup\/cine-y-series\/2019\/06\/19\/nuevo-trailer-de-la-odisea-de-los-giles\/","title":{"rendered":"Nuevo tr\u00e1iler de \u00abLa odisea de los giles\u00bb"},"content":{"rendered":"<h3><strong>La pel\u00edcula de Sebasti\u00e1n Borensztein que adapta una novela de Eduardo Sacheri. Con Ricardo Dar\u00edn y gran elenco, llega en agosto.<\/strong><\/h3>\n<p>Se acaba de lanzar nuevo tr\u00e1iler y primer p\u00f3ster de La Odisea de los Giles, la pel\u00edcula de Sebasti\u00e1n Borensztein con Ricardo Darin, Luis Brandoni, Chino Darin, Ver\u00f3nica Llin\u00e1s, Daniel Ar\u00e1oz, Carlos Belloso, Rita Cortese y Andr\u00e9s Parra.<\/p>\n<p>Adaptada de una novela de\u00a0Eduardo Sacheri, la historia se sit\u00faa en un peque\u00f1o pueblo de la provincia de Buenos Aires, a fines del 2001. Un grupo de amigos y vecinos pierde el dinero que hab\u00eda logrado reunir para reflotar una vieja cooperativa agr\u00edcola. Al poco tiempo, descubren que sus ahorros se perdieron por una estafa realizada por un inescrupuloso abogado y un gerente de banco que contaban con informaci\u00f3n de lo que se iba a desencadenar en el pa\u00eds. Al enterarse de lo sucedido, el grupo de vecinos decide organizarse y armar un minucioso plan con el objetivo de recuperar lo que les pertenece.<\/p>\n<p>La pel\u00edcula se estrena en todo el pa\u00eds el 15 de agosto.<\/p>\n<p><iframe loading=\"lazy\" src=\"https:\/\/www.youtube.com\/embed\/ZP_o6GQaFW8\" width=\"560\" height=\"315\" frameborder=\"0\" allowfullscreen=\"allowfullscreen\"><\/iframe><\/p>\n<p><img alt=\"\" loading=\"lazy\" decoding=\"async\" class=\"alignnone size-full wp-image-65298\" src=\"https:\/\/www.cordobatimes.com\/showup\/wp-content\/uploads\/2019\/06\/TEASER_GILES_600x750_IG_FB_TW_1560887764.jpeg\" alt=\"\" width=\"600\" height=\"750\" srcset=\"https:\/\/www.cordobatimes.com\/showup\/wp-content\/uploads\/2019\/06\/TEASER_GILES_600x750_IG_FB_TW_1560887764.jpeg 600w, https:\/\/www.cordobatimes.com\/showup\/wp-content\/uploads\/2019\/06\/TEASER_GILES_600x750_IG_FB_TW_1560887764-336x420.jpeg 336w\" sizes=\"auto, (max-width: 600px) 100vw, 600px\" \/><\/p>\n","protected":false},"excerpt":{"rendered":"<p>La pel\u00edcula de Sebasti\u00e1n Borensztein que adapta una novela de Eduardo Sacheri. Con Ricardo Dar\u00edn y gran elenco, llega en agosto. Se acaba de lanzar nuevo tr\u00e1iler y primer p\u00f3ster de La Odisea de los Giles, la pel\u00edcula de Sebasti\u00e1n Borensztein con Ricardo Darin, Luis Brandoni, Chino Darin, Ver\u00f3nica Llin\u00e1s, Daniel Ar\u00e1oz, Carlos Belloso, Rita [&hellip;]<\/p>\n","protected":false},"author":1,"featured_media":65297,"comment_status":"closed","ping_status":"closed","sticky":false,"template":"","format":"standard","meta":{"_seopress_robots_primary_cat":"","_seopress_titles_title":"","_seopress_titles_desc":"","_seopress_robots_index":"","footnotes":""},"categories":[3],"tags":[24050,24049],"class_list":{"0":"post-65296","1":"post","2":"type-post","3":"status-publish","4":"format-standard","5":"has-post-thumbnail","7":"category-cine-y-series","8":"tag-ricardo-darin-luis-brandoni-chino-darin-veronica-llinas","9":"tag-trailer-de-la-odisea-de-los-giles"},"_links":{"self":[{"href":"https:\/\/www.cordobatimes.com\/showup\/wp-json\/wp\/v2\/posts\/65296","targetHints":{"allow":["GET"]}}],"collection":[{"href":"https:\/\/www.cordobatimes.com\/showup\/wp-json\/wp\/v2\/posts"}],"about":[{"href":"https:\/\/www.cordobatimes.com\/showup\/wp-json\/wp\/v2\/types\/post"}],"author":[{"embeddable":true,"href":"https:\/\/www.cordobatimes.com\/showup\/wp-json\/wp\/v2\/users\/1"}],"replies":[{"embeddable":true,"href":"https:\/\/www.cordobatimes.com\/showup\/wp-json\/wp\/v2\/comments?post=65296"}],"version-history":[{"count":0,"href":"https:\/\/www.cordobatimes.com\/showup\/wp-json\/wp\/v2\/posts\/65296\/revisions"}],"wp:featuredmedia":[{"embeddable":true,"href":"https:\/\/www.cordobatimes.com\/showup\/wp-json\/wp\/v2\/media\/65297"}],"wp:attachment":[{"href":"https:\/\/www.cordobatimes.com\/showup\/wp-json\/wp\/v2\/media?parent=65296"}],"wp:term":[{"taxonomy":"category","embeddable":true,"href":"https:\/\/www.cordobatimes.com\/showup\/wp-json\/wp\/v2\/categories?post=65296"},{"taxonomy":"post_tag","embeddable":true,"href":"https:\/\/www.cordobatimes.com\/showup\/wp-json\/wp\/v2\/tags?post=65296"}],"curies":[{"name":"wp","href":"https:\/\/api.w.org\/{rel}","templated":true}]}}