{"id":65292,"date":"2019-06-18T11:03:55","date_gmt":"2019-06-18T14:03:55","guid":{"rendered":"https:\/\/www.cordobatimes.com\/showup\/?p=65292"},"modified":"2019-06-18T11:03:55","modified_gmt":"2019-06-18T14:03:55","slug":"los-nocheros-regresaron-a-los-escenarios-como-trio-estamos-con-sentimientos-encontrados","status":"publish","type":"post","link":"https:\/\/www.cordobatimes.com\/showup\/musica\/2019\/06\/18\/los-nocheros-regresaron-a-los-escenarios-como-trio-estamos-con-sentimientos-encontrados\/","title":{"rendered":"Los Nocheros regresaron a los escenarios como tr\u00edo: \u201cEstamos con sentimientos encontrados\u201d"},"content":{"rendered":"<h3><strong>El grupo finalmente sigui\u00f3 adelante con su gira.<\/strong><\/h3>\n<p>Los Nocheros finalmente volvieron a los escenarios. No fue tarea f\u00e1cil, despu\u00e9s de lo que signific\u00f3 para el grupo las denuncias por abuso sexual contra Lautaro Teruel, el hijo de Mario, uno de los pilares del conjunto.<\/p>\n<p>Sin Teruel padre como integrante de la banda, el combo folkl\u00f3rico decidi\u00f3 seguir adelante en formato de tr\u00edo, es decir, con Kike y \u00c1lvaro Teruel, m\u00e1s Rub\u00e9n Ehizaguirre.<\/p>\n<p>As\u00ed y todo, semanas atr\u00e1s la banda hab\u00eda suspendido un recital aduciendo \u201cagotamiento emocional\u201d.<\/p>\n<p>Pero este fin de semana, con dos funciones a sala llena, Los Nocheros volvieron a cantar en p\u00fablico en el teatro Radio City de Mar del Plata.<\/p>\n<p>\u201cHoy la realidad de Mario y su familia es otra; nosotros los acompa\u00f1amos, como tiene que ser. Dentro de este grupo pas\u00f3 algo, hubo una situaci\u00f3n con la familia, pero que no tiene que ver con la familia nochera. Nosotros estamos tristes por un lado, pero a la vez aceptando la realidad de la vida, las desgracias que pasan, tanto a nosotros como a la otra familia que est\u00e1 pasando una desgracia absoluta. Pero la voz nuestra est\u00e1 para cantar\u201d, dijo Kike, en la antesala al primero de los shows.<\/p>\n<p>Rub\u00e9n, en tanto, agreg\u00f3: \u201cPor ahora lo mejor para todos, creo, es que estemos los tres, acompa\u00f1\u00e1ndolo a la distancia, y a la familia de la nenita, porque esto no es s\u00f3lo la familia nochera, hay otra familia que est\u00e1 lamentablemente involucrada en esto\u201d.<\/p>\n<p><iframe loading=\"lazy\" width=\"560\" height=\"315\" src=\"https:\/\/www.youtube.com\/embed\/FFaZL84E4QY\" frameborder=\"0\" allow=\"accelerometer; autoplay; encrypted-media; gyroscope; picture-in-picture\" allowfullscreen><\/iframe><\/p>\n<p><iframe loading=\"lazy\" width=\"560\" height=\"315\" src=\"https:\/\/www.youtube.com\/embed\/ClrSRy55XX0\" frameborder=\"0\" allow=\"accelerometer; autoplay; encrypted-media; gyroscope; picture-in-picture\" allowfullscreen><\/iframe><\/p>\n","protected":false},"excerpt":{"rendered":"<p>El grupo finalmente sigui\u00f3 adelante con su gira. Los Nocheros finalmente volvieron a los escenarios. No fue tarea f\u00e1cil, despu\u00e9s de lo que signific\u00f3 para el grupo las denuncias por abuso sexual contra Lautaro Teruel, el hijo de Mario, uno de los pilares del conjunto. Sin Teruel padre como integrante de la banda, el combo [&hellip;]<\/p>\n","protected":false},"author":1,"featured_media":65293,"comment_status":"closed","ping_status":"closed","sticky":false,"template":"","format":"standard","meta":{"_seopress_robots_primary_cat":"","_seopress_titles_title":"","_seopress_titles_desc":"","_seopress_robots_index":"","footnotes":""},"categories":[5],"tags":[23849,24048,9318],"class_list":{"0":"post-65292","1":"post","2":"type-post","3":"status-publish","4":"format-standard","5":"has-post-thumbnail","7":"category-musica","8":"tag-lautaro-teruel","9":"tag-los-nocheros-regresaron-a-los-escenarios","10":"tag-mario-teruel"},"_links":{"self":[{"href":"https:\/\/www.cordobatimes.com\/showup\/wp-json\/wp\/v2\/posts\/65292","targetHints":{"allow":["GET"]}}],"collection":[{"href":"https:\/\/www.cordobatimes.com\/showup\/wp-json\/wp\/v2\/posts"}],"about":[{"href":"https:\/\/www.cordobatimes.com\/showup\/wp-json\/wp\/v2\/types\/post"}],"author":[{"embeddable":true,"href":"https:\/\/www.cordobatimes.com\/showup\/wp-json\/wp\/v2\/users\/1"}],"replies":[{"embeddable":true,"href":"https:\/\/www.cordobatimes.com\/showup\/wp-json\/wp\/v2\/comments?post=65292"}],"version-history":[{"count":0,"href":"https:\/\/www.cordobatimes.com\/showup\/wp-json\/wp\/v2\/posts\/65292\/revisions"}],"wp:featuredmedia":[{"embeddable":true,"href":"https:\/\/www.cordobatimes.com\/showup\/wp-json\/wp\/v2\/media\/65293"}],"wp:attachment":[{"href":"https:\/\/www.cordobatimes.com\/showup\/wp-json\/wp\/v2\/media?parent=65292"}],"wp:term":[{"taxonomy":"category","embeddable":true,"href":"https:\/\/www.cordobatimes.com\/showup\/wp-json\/wp\/v2\/categories?post=65292"},{"taxonomy":"post_tag","embeddable":true,"href":"https:\/\/www.cordobatimes.com\/showup\/wp-json\/wp\/v2\/tags?post=65292"}],"curies":[{"name":"wp","href":"https:\/\/api.w.org\/{rel}","templated":true}]}}