{"id":65284,"date":"2019-06-18T09:54:42","date_gmt":"2019-06-18T12:54:42","guid":{"rendered":"https:\/\/www.cordobatimes.com\/showup\/?p=65284"},"modified":"2019-06-18T09:54:42","modified_gmt":"2019-06-18T12:54:42","slug":"se-dio-a-conocer-la-primera-imagen-de-west-side-story-el-debut-musical-de-steven-spielberg","status":"publish","type":"post","link":"https:\/\/www.cordobatimes.com\/showup\/cine-y-series\/2019\/06\/18\/se-dio-a-conocer-la-primera-imagen-de-west-side-story-el-debut-musical-de-steven-spielberg\/","title":{"rendered":"Se dio a conocer la primera  imagen de \u00abWest Side Story\u00bb, el debut musical de Steven Spielberg"},"content":{"rendered":"<h3><strong>El filme se estrena en diciembre.<\/strong><\/h3>\n<p>La nueva adaptaci\u00f3n que Steven Spielberg prepara del ic\u00f3nico musical de Broadway West Side Story ya tiene su primera imagen oficial. 20th Century Fox ha lanzado una instant\u00e1nea en la que puede verse a la pareja protagonista de esta renovada versi\u00f3n, rodeada por las bandas rivales a las que pertenecen: los Jets y los Sharks.<\/p>\n<p>En la imagen aparecen en el centro Ansel Elgort (Baby Driver,\u00a0Bajo la misma estrella) y la debutante Rachel Zegler como los enamorados Tony y Mar\u00eda. A ambos los rodean sus respectivas pandillas, los Jets por el lado del chico y los Sharks por parte de la chica. La fotograf\u00eda confirma de nuevo que Spielberg mantendr\u00e1 intacto el esp\u00edritu del musical, al seguir ambientada la trama en el Nueva York de 1957.<\/p>\n<p>Steven Spielberg adapta el que ser\u00e1 el primer filme musical de su carrera como director.\u00a0West Side Story\u00a0est\u00e1 basada en la obra hom\u00f3nima de Arthur Laurents, con m\u00fasica del c\u00e9lebre Leonard Bernstein y letras de Stephen Sondheim. El musical est\u00e1 inspirado en el cl\u00e1sico\u00a0Romeo y Julieta\u00a0de William Shakespeare. Debido a la compra de Fox por parte de Disney, ser\u00e1 The Walt Disney Studios la que estrene la pel\u00edcula el 18 de diciembre de 2020.<\/p>\n<p><img alt=\"\" loading=\"lazy\" decoding=\"async\" class=\"alignnone size-full wp-image-65286\" src=\"https:\/\/www.cordobatimes.com\/showup\/wp-content\/uploads\/2019\/06\/we_1560800478.jpg\" alt=\"\" width=\"1000\" height=\"562\" srcset=\"https:\/\/www.cordobatimes.com\/showup\/wp-content\/uploads\/2019\/06\/we_1560800478.jpg 1000w, https:\/\/www.cordobatimes.com\/showup\/wp-content\/uploads\/2019\/06\/we_1560800478-747x420.jpg 747w, https:\/\/www.cordobatimes.com\/showup\/wp-content\/uploads\/2019\/06\/we_1560800478-768x432.jpg 768w, https:\/\/www.cordobatimes.com\/showup\/wp-content\/uploads\/2019\/06\/we_1560800478-696x391.jpg 696w\" sizes=\"auto, (max-width: 1000px) 100vw, 1000px\" \/> <img alt=\"\" loading=\"lazy\" decoding=\"async\" class=\"alignnone size-full wp-image-65287\" src=\"https:\/\/www.cordobatimes.com\/showup\/wp-content\/uploads\/2019\/06\/wewe_1560800506.jpg\" alt=\"\" width=\"970\" height=\"546\" srcset=\"https:\/\/www.cordobatimes.com\/showup\/wp-content\/uploads\/2019\/06\/wewe_1560800506.jpg 970w, https:\/\/www.cordobatimes.com\/showup\/wp-content\/uploads\/2019\/06\/wewe_1560800506-746x420.jpg 746w, https:\/\/www.cordobatimes.com\/showup\/wp-content\/uploads\/2019\/06\/wewe_1560800506-768x432.jpg 768w, https:\/\/www.cordobatimes.com\/showup\/wp-content\/uploads\/2019\/06\/wewe_1560800506-696x392.jpg 696w\" sizes=\"auto, (max-width: 970px) 100vw, 970px\" \/><\/p>\n","protected":false},"excerpt":{"rendered":"<p>El filme se estrena en diciembre. La nueva adaptaci\u00f3n que Steven Spielberg prepara del ic\u00f3nico musical de Broadway West Side Story ya tiene su primera imagen oficial. 20th Century Fox ha lanzado una instant\u00e1nea en la que puede verse a la pareja protagonista de esta renovada versi\u00f3n, rodeada por las bandas rivales a las que [&hellip;]<\/p>\n","protected":false},"author":1,"featured_media":65285,"comment_status":"closed","ping_status":"closed","sticky":false,"template":"","format":"standard","meta":{"_seopress_robots_primary_cat":"","_seopress_titles_title":"","_seopress_titles_desc":"","_seopress_robots_index":"","footnotes":""},"categories":[3],"tags":[24046,24045],"class_list":{"0":"post-65284","1":"post","2":"type-post","3":"status-publish","4":"format-standard","5":"has-post-thumbnail","7":"category-cine-y-series","8":"tag-adaptacion-de-steven-spielberg-del-musical-de-broadway-west-side-story","9":"tag-west-side-story-el-debut-musical-de-steven-spielberg"},"_links":{"self":[{"href":"https:\/\/www.cordobatimes.com\/showup\/wp-json\/wp\/v2\/posts\/65284","targetHints":{"allow":["GET"]}}],"collection":[{"href":"https:\/\/www.cordobatimes.com\/showup\/wp-json\/wp\/v2\/posts"}],"about":[{"href":"https:\/\/www.cordobatimes.com\/showup\/wp-json\/wp\/v2\/types\/post"}],"author":[{"embeddable":true,"href":"https:\/\/www.cordobatimes.com\/showup\/wp-json\/wp\/v2\/users\/1"}],"replies":[{"embeddable":true,"href":"https:\/\/www.cordobatimes.com\/showup\/wp-json\/wp\/v2\/comments?post=65284"}],"version-history":[{"count":0,"href":"https:\/\/www.cordobatimes.com\/showup\/wp-json\/wp\/v2\/posts\/65284\/revisions"}],"wp:featuredmedia":[{"embeddable":true,"href":"https:\/\/www.cordobatimes.com\/showup\/wp-json\/wp\/v2\/media\/65285"}],"wp:attachment":[{"href":"https:\/\/www.cordobatimes.com\/showup\/wp-json\/wp\/v2\/media?parent=65284"}],"wp:term":[{"taxonomy":"category","embeddable":true,"href":"https:\/\/www.cordobatimes.com\/showup\/wp-json\/wp\/v2\/categories?post=65284"},{"taxonomy":"post_tag","embeddable":true,"href":"https:\/\/www.cordobatimes.com\/showup\/wp-json\/wp\/v2\/tags?post=65284"}],"curies":[{"name":"wp","href":"https:\/\/api.w.org\/{rel}","templated":true}]}}