{"id":65247,"date":"2019-06-15T10:00:15","date_gmt":"2019-06-15T13:00:15","guid":{"rendered":"https:\/\/www.cordobatimes.com\/showup\/?p=65247"},"modified":"2019-06-15T10:00:15","modified_gmt":"2019-06-15T13:00:15","slug":"festival-de-venecia-pedro-almodovar-sera-premiado-con-un-leon-de-oro-a-la-trayectoria","status":"publish","type":"post","link":"https:\/\/www.cordobatimes.com\/showup\/cine-y-series\/2019\/06\/15\/festival-de-venecia-pedro-almodovar-sera-premiado-con-un-leon-de-oro-a-la-trayectoria\/","title":{"rendered":"Festival de Venecia: Pedro Almod\u00f3var ser\u00e1 premiado con un Le\u00f3n de Oro a la trayectoria"},"content":{"rendered":"<h3><strong>El cineasta Pedro Almod\u00f3var ser\u00e1 premiado con un Le\u00f3n de Oro a la trayectoria en el pr\u00f3ximo Festival de Cine de Venecia.<\/strong><\/h3>\n<p>Pedro Almod\u00f3var ser\u00e1 reconocido con un Le\u00f3n de Oro a la trayectoria en la pr\u00f3xima edici\u00f3n del Festival de Cine de Venecia. La decisi\u00f3n de la junta directiva de la Bienal de Venecia sigue a una propuesta del director del festival, Alberto Barbera. La iniciativa llega precisamente cuando el manchego ha estrenado Dolor y gloria, un amargo y extraordinario autorretrato en la piel de Antonio Banderas.<\/p>\n<p>Almod\u00f3var, cuyos cr\u00e9ditos incluyen una larga serie de filmes como Todo sobre mi madre (1999) o Hable con ella (2002), dijo este viernes que tiene buenos recuerdos de Venecia, donde hizo su debut internacional en 1983: \u00abEste Le\u00f3n se convertir\u00e1 en mi mascota, junto con los dos gatos con los que vivo\u00bb, se\u00f1al\u00f3.<\/p>\n<p>Barbera elogi\u00f3 al realizador manchego como \u00abel director espa\u00f1ol m\u00e1s grande e influyente desde Bu\u00f1uel\u00bb y como \u00abun cineasta que nos ha ofrecido los retratos m\u00e1s multifac\u00e9ticos, pol\u00e9micos y provocativos de la Espa\u00f1a pos-Franco\u00bb. El Festival de Cine de Venecia, en su 76 edici\u00f3n, se llevar\u00e1 a cabo del 28 de agosto al 7 de septiembre.<\/p>\n","protected":false},"excerpt":{"rendered":"<p>El cineasta Pedro Almod\u00f3var ser\u00e1 premiado con un Le\u00f3n de Oro a la trayectoria en el pr\u00f3ximo Festival de Cine de Venecia. Pedro Almod\u00f3var ser\u00e1 reconocido con un Le\u00f3n de Oro a la trayectoria en la pr\u00f3xima edici\u00f3n del Festival de Cine de Venecia. La decisi\u00f3n de la junta directiva de la Bienal de Venecia [&hellip;]<\/p>\n","protected":false},"author":1,"featured_media":65252,"comment_status":"closed","ping_status":"closed","sticky":false,"template":"","format":"standard","meta":{"_seopress_robots_primary_cat":"","_seopress_titles_title":"","_seopress_titles_desc":"","_seopress_robots_index":"","footnotes":""},"categories":[3],"tags":[24029,24030],"class_list":{"0":"post-65247","1":"post","2":"type-post","3":"status-publish","4":"format-standard","5":"has-post-thumbnail","7":"category-cine-y-series","8":"tag-pedro-almodovar-festival-de-venecia","9":"tag-pedro-almodovar-leon-de-oro"},"_links":{"self":[{"href":"https:\/\/www.cordobatimes.com\/showup\/wp-json\/wp\/v2\/posts\/65247","targetHints":{"allow":["GET"]}}],"collection":[{"href":"https:\/\/www.cordobatimes.com\/showup\/wp-json\/wp\/v2\/posts"}],"about":[{"href":"https:\/\/www.cordobatimes.com\/showup\/wp-json\/wp\/v2\/types\/post"}],"author":[{"embeddable":true,"href":"https:\/\/www.cordobatimes.com\/showup\/wp-json\/wp\/v2\/users\/1"}],"replies":[{"embeddable":true,"href":"https:\/\/www.cordobatimes.com\/showup\/wp-json\/wp\/v2\/comments?post=65247"}],"version-history":[{"count":0,"href":"https:\/\/www.cordobatimes.com\/showup\/wp-json\/wp\/v2\/posts\/65247\/revisions"}],"wp:featuredmedia":[{"embeddable":true,"href":"https:\/\/www.cordobatimes.com\/showup\/wp-json\/wp\/v2\/media\/65252"}],"wp:attachment":[{"href":"https:\/\/www.cordobatimes.com\/showup\/wp-json\/wp\/v2\/media?parent=65247"}],"wp:term":[{"taxonomy":"category","embeddable":true,"href":"https:\/\/www.cordobatimes.com\/showup\/wp-json\/wp\/v2\/categories?post=65247"},{"taxonomy":"post_tag","embeddable":true,"href":"https:\/\/www.cordobatimes.com\/showup\/wp-json\/wp\/v2\/tags?post=65247"}],"curies":[{"name":"wp","href":"https:\/\/api.w.org\/{rel}","templated":true}]}}