{"id":65239,"date":"2019-06-14T16:57:53","date_gmt":"2019-06-14T19:57:53","guid":{"rendered":"https:\/\/www.cordobatimes.com\/showup\/?p=65239"},"modified":"2019-06-14T16:57:53","modified_gmt":"2019-06-14T19:57:53","slug":"game-of-thrones-el-video-de-jon-snow-sobre-el-final-de-la-serie","status":"publish","type":"post","link":"https:\/\/www.cordobatimes.com\/showup\/cine-y-series\/2019\/06\/14\/game-of-thrones-el-video-de-jon-snow-sobre-el-final-de-la-serie\/","title":{"rendered":"\u00abGame of Thrones\u00bb: El video de Jon Snow sobre el final de la serie"},"content":{"rendered":"<h3><strong>Est\u00e1 causando sensaci\u00f3n en redes.<\/strong><\/h3>\n<p>El cierre de la octava temporada de Game of Thrones no fue el final que muchos esperaban o quer\u00edan ver en la pantalla chica. La conclusi\u00f3n de la serie estrella de HBO dividi\u00f3 las aguas entre aquellos que odiaron el \u00faltimo capitulo, y a los que no les pareci\u00f3 nada mal.<\/p>\n<p>Tres fan\u00e1ticos de la serie, que sin lugar a dudas se posicionan dentro del grupo de los decepcionados, editaron un video en donde podemos ver al personaje de Jon Snow pidiendo disculpas por la octava temporada.<\/p>\n<p>\u00abEs tiempo de algunas disculpas. Les pedimos perd\u00f3n por haberles hecho perder el tiempo. Lamento que no hayamos aprendido nada del final de\u00a0Lost. Tengo m\u00e1s l\u00edneas en este video que las que tuve en la \u00faltima temporada. Lo lamento\u00bb, dice Jon en el clip.<\/p>\n<p>\u00abY entiendo que nada tiene sentido al final. Cuando\u00a0el vaso de Starbucks\u00a0es el error m\u00e1s peque\u00f1o, te das cuenta de que la arruinaste. Nos responsabilizamos por eso. Perd\u00f3n por haber escrito esto en seis d\u00edas o algo as\u00ed. Ahora\u2026 quememos el guion de la temporada 8 y la olvidemos \u00a1para siempre!\u00bb, concluye el personaje en este material editado por el canal de YouTube\u00a0Eating Things With Famous People.<\/p>\n<p><iframe loading=\"lazy\" width=\"560\" height=\"315\" src=\"https:\/\/www.youtube.com\/embed\/4GdWD0yxvqw\" frameborder=\"0\" allow=\"accelerometer; autoplay; encrypted-media; gyroscope; picture-in-picture\" allowfullscreen><\/iframe><\/p>\n","protected":false},"excerpt":{"rendered":"<p>Est\u00e1 causando sensaci\u00f3n en redes. El cierre de la octava temporada de Game of Thrones no fue el final que muchos esperaban o quer\u00edan ver en la pantalla chica. La conclusi\u00f3n de la serie estrella de HBO dividi\u00f3 las aguas entre aquellos que odiaron el \u00faltimo capitulo, y a los que no les pareci\u00f3 nada [&hellip;]<\/p>\n","protected":false},"author":1,"featured_media":65240,"comment_status":"closed","ping_status":"closed","sticky":false,"template":"","format":"standard","meta":{"_seopress_robots_primary_cat":"","_seopress_titles_title":"","_seopress_titles_desc":"","_seopress_robots_index":"","footnotes":""},"categories":[3],"tags":[21935,5895],"class_list":{"0":"post-65239","1":"post","2":"type-post","3":"status-publish","4":"format-standard","5":"has-post-thumbnail","7":"category-cine-y-series","8":"tag-final-de-game-of-thrones","9":"tag-jon-snow"},"_links":{"self":[{"href":"https:\/\/www.cordobatimes.com\/showup\/wp-json\/wp\/v2\/posts\/65239","targetHints":{"allow":["GET"]}}],"collection":[{"href":"https:\/\/www.cordobatimes.com\/showup\/wp-json\/wp\/v2\/posts"}],"about":[{"href":"https:\/\/www.cordobatimes.com\/showup\/wp-json\/wp\/v2\/types\/post"}],"author":[{"embeddable":true,"href":"https:\/\/www.cordobatimes.com\/showup\/wp-json\/wp\/v2\/users\/1"}],"replies":[{"embeddable":true,"href":"https:\/\/www.cordobatimes.com\/showup\/wp-json\/wp\/v2\/comments?post=65239"}],"version-history":[{"count":0,"href":"https:\/\/www.cordobatimes.com\/showup\/wp-json\/wp\/v2\/posts\/65239\/revisions"}],"wp:featuredmedia":[{"embeddable":true,"href":"https:\/\/www.cordobatimes.com\/showup\/wp-json\/wp\/v2\/media\/65240"}],"wp:attachment":[{"href":"https:\/\/www.cordobatimes.com\/showup\/wp-json\/wp\/v2\/media?parent=65239"}],"wp:term":[{"taxonomy":"category","embeddable":true,"href":"https:\/\/www.cordobatimes.com\/showup\/wp-json\/wp\/v2\/categories?post=65239"},{"taxonomy":"post_tag","embeddable":true,"href":"https:\/\/www.cordobatimes.com\/showup\/wp-json\/wp\/v2\/tags?post=65239"}],"curies":[{"name":"wp","href":"https:\/\/api.w.org\/{rel}","templated":true}]}}