{"id":65212,"date":"2019-06-11T17:57:13","date_gmt":"2019-06-11T20:57:13","guid":{"rendered":"https:\/\/www.cordobatimes.com\/showup\/?p=65212"},"modified":"2019-06-11T17:59:42","modified_gmt":"2019-06-11T20:59:42","slug":"el-video-inedito-de-spinetta-gustavo-cerati-y-fito-paez-cantando-seguir-viviendo-sin-tu-amor","status":"publish","type":"post","link":"https:\/\/www.cordobatimes.com\/showup\/musica\/2019\/06\/11\/el-video-inedito-de-spinetta-gustavo-cerati-y-fito-paez-cantando-seguir-viviendo-sin-tu-amor\/","title":{"rendered":"El video in\u00e9dito de Spinetta, Gustavo Cerati y Fito P\u00e1ez cantando \u00abSeguir viviendo sin tu amor\u00bb"},"content":{"rendered":"<h3><strong>Salieron a la luz im\u00e1genes del concierto \u00abRock de Corazones Solidarios\u00bb de 1992. Los artistas compartieron el escenario ante m\u00e1s de 100 mil personas.<\/strong><\/h3>\n<p>S\u00e1bado 18 de julio de 1992. Avenida 9 de julio, Buenos Aires, Argentina. El concierto \u00abRock de Corazones Solidarios\u00bb estaba llegando a su fin y\u00a0Luis Alberto Spinetta\u00a0se preparaba para cantar su exitoso tema \u00abSeguir viviendo sin tu amor\u00bb.<\/p>\n<p>Las m\u00e1s de 100 mil personas que hab\u00edan llegado hasta la emblem\u00e1tica avenida porte\u00f1a hab\u00edan disfrutado de un show magn\u00edfico pero quedaba la frutilla del postre.<\/p>\n<p>El propio Spinetta le ten\u00eda que dar la bienvenida al escenario a tres amigos, como \u00e9l mismo dijo esa noche:\u00a0Gustavo Cerati,\u00a0Fito P\u00e1ez\u00a0y\u00a0Zeta Bosio.<\/p>\n<p>Fue el cierre del \u00abExpreSida\u00bb, la primera Exposici\u00f3n Internacional de Campa\u00f1as de Prevenci\u00f3n del SIDA, organizada por la Fundaci\u00f3n Urbe. Las im\u00e1genes, publicadas por el usuario FlacoStereo, se viralizaron r\u00e1pidamente y ya tienen m\u00e1s de 90 mil reproducciones en YouTube y cientos de comentarios.<\/p>\n<p>En el comienzo del video -de casi 8 minutos de duraci\u00f3n- Spinetta le recalc\u00f3 a la gente la importancia de cuidarse para prevenir el SIDA: \u00ab\u00bfSaben que me pongo ruleros en la zona genital por los a\u00f1os que hace que me estoy bancando estas cuestiones?\u00bb.<\/p>\n<p>Y sigui\u00f3: \u00abYo les digo de coraz\u00f3n, con toda mi experiencia, cu\u00eddense. \u00c1mense profundamente pero con el cuidado de estas reglas, quiz\u00e1s malditas. Pero reglas al fin que hay que respetar para salvar a nuestros hijos y a nosotros mismos del pavoroso drama del SIDA\u00bb.<\/p>\n<p>Adem\u00e1s de Spinetta, Cerati, P\u00e1ez y Bosio, estuvieron arriba del escenario Claudio Cardone, Jota Morelli, Javier Malosetti, Juan Carlos \u00abMono\u00bb Fontana y Guillermo Arrom. Y hoy, casi 27 a\u00f1os despu\u00e9s, todos volvemos a revivir ese momento \u00fanico.<\/p>\n<p><iframe loading=\"lazy\" width=\"560\" height=\"315\" src=\"https:\/\/www.youtube.com\/embed\/wTngkKV0PzU\" frameborder=\"0\" allow=\"accelerometer; autoplay; encrypted-media; gyroscope; picture-in-picture\" allowfullscreen><\/iframe><\/p>\n","protected":false},"excerpt":{"rendered":"<p>Salieron a la luz im\u00e1genes del concierto \u00abRock de Corazones Solidarios\u00bb de 1992. Los artistas compartieron el escenario ante m\u00e1s de 100 mil personas. S\u00e1bado 18 de julio de 1992. Avenida 9 de julio, Buenos Aires, Argentina. El concierto \u00abRock de Corazones Solidarios\u00bb estaba llegando a su fin y\u00a0Luis Alberto Spinetta\u00a0se preparaba para cantar su [&hellip;]<\/p>\n","protected":false},"author":1,"featured_media":65213,"comment_status":"closed","ping_status":"closed","sticky":false,"template":"","format":"standard","meta":{"_seopress_robots_primary_cat":"","_seopress_titles_title":"","_seopress_titles_desc":"","_seopress_robots_index":"","footnotes":""},"categories":[5],"tags":[24018,24017,4247],"class_list":{"0":"post-65212","1":"post","2":"type-post","3":"status-publish","4":"format-standard","5":"has-post-thumbnail","7":"category-musica","8":"tag-luis-alberto-spinetta-gustavo-cerati-fito-paez","9":"tag-rock-de-corazones-solidarios","10":"tag-zeta-bosio"},"_links":{"self":[{"href":"https:\/\/www.cordobatimes.com\/showup\/wp-json\/wp\/v2\/posts\/65212","targetHints":{"allow":["GET"]}}],"collection":[{"href":"https:\/\/www.cordobatimes.com\/showup\/wp-json\/wp\/v2\/posts"}],"about":[{"href":"https:\/\/www.cordobatimes.com\/showup\/wp-json\/wp\/v2\/types\/post"}],"author":[{"embeddable":true,"href":"https:\/\/www.cordobatimes.com\/showup\/wp-json\/wp\/v2\/users\/1"}],"replies":[{"embeddable":true,"href":"https:\/\/www.cordobatimes.com\/showup\/wp-json\/wp\/v2\/comments?post=65212"}],"version-history":[{"count":0,"href":"https:\/\/www.cordobatimes.com\/showup\/wp-json\/wp\/v2\/posts\/65212\/revisions"}],"wp:featuredmedia":[{"embeddable":true,"href":"https:\/\/www.cordobatimes.com\/showup\/wp-json\/wp\/v2\/media\/65213"}],"wp:attachment":[{"href":"https:\/\/www.cordobatimes.com\/showup\/wp-json\/wp\/v2\/media?parent=65212"}],"wp:term":[{"taxonomy":"category","embeddable":true,"href":"https:\/\/www.cordobatimes.com\/showup\/wp-json\/wp\/v2\/categories?post=65212"},{"taxonomy":"post_tag","embeddable":true,"href":"https:\/\/www.cordobatimes.com\/showup\/wp-json\/wp\/v2\/tags?post=65212"}],"curies":[{"name":"wp","href":"https:\/\/api.w.org\/{rel}","templated":true}]}}