{"id":65209,"date":"2019-06-11T16:58:51","date_gmt":"2019-06-11T19:58:51","guid":{"rendered":"https:\/\/www.cordobatimes.com\/showup\/?p=65209"},"modified":"2019-06-11T16:58:54","modified_gmt":"2019-06-11T19:58:54","slug":"steven-spielberg-realizara-una-serie-de-terror-para-telefonos-celulares","status":"publish","type":"post","link":"https:\/\/www.cordobatimes.com\/showup\/cine-y-series\/2019\/06\/11\/steven-spielberg-realizara-una-serie-de-terror-para-telefonos-celulares\/","title":{"rendered":"Steven Spielberg realizar\u00e1 una serie de terror para tel\u00e9fonos celulares"},"content":{"rendered":"<h3><strong>El afamado cineasta se suma a las propuestas \u00abcortas\u00bb con cap\u00edtulos de pocos minutos.<\/strong><\/h3>\n<p>El reconocido director Steven Spielberg finalmente se sum\u00f3 a las producciones para plataformas no tradicionales, a pesar de que en un comienzo se mostr\u00f3 en contra de que las apuestas audiovisuales como las de Netflix pudieran candidatearse para los premios importantes.<\/p>\n<p>As\u00ed es que pronto, a la oferta que abunda en plataformas como la mencionada, o HBO y Amazon, Spielberg sumar\u00e1 su aporte con una serie de terror para la plataforma Quibi.<\/p>\n<p>El responsable de la firma, Jeffrey Katzenberg, hizo el anuncio sobre la participaci\u00f3n del director de E.T. con bastante entusiasmo en el Banff World Media Festival de Canad\u00e1:<\/p>\n<p>\u00abSteven Spielberg entr\u00f3 y dijo: &#8216;Tengo una historia aterradora que quiero filmar&#8217;. Y la est\u00e1 escribiendo \u00e9l mismo, es su primer ejercicio de escritura en mucho tiempo as\u00ed que el hecho de que est\u00e9 bosquejando ya de por s\u00ed es genial\u00bb.<\/p>\n<p>Respecto de c\u00f3mo ser\u00e1 esta aventura terror\u00edfica llamada Spielbergs&#8217;s After Dark, Katzenberg precis\u00f3: \u00abYa tiene escritos cinco o seis episodios de un total de 10 o 12\u00bb, y una de las curiosidades en torno al producto es que s\u00f3lo se podr\u00e1 ver cuando en el tel\u00e9fono celular la hora marque pasada la medianoche.<\/p>\n<p>La duraci\u00f3n promedio de cada cap\u00edtulo rondar\u00e1 entre los siete y los diez minutos, y su visualizaci\u00f3n estar\u00e1 sujeta a la puesta del sol, algo que por el momento se encuentra en estudio por parte de un grupo de desarrolladores que hagan estricto el cumplimiento de la premisa de la serie respecto de la hora, para hacer la experiencia m\u00e1s interesante.<\/p>\n","protected":false},"excerpt":{"rendered":"<p>El afamado cineasta se suma a las propuestas \u00abcortas\u00bb con cap\u00edtulos de pocos minutos. El reconocido director Steven Spielberg finalmente se sum\u00f3 a las producciones para plataformas no tradicionales, a pesar de que en un comienzo se mostr\u00f3 en contra de que las apuestas audiovisuales como las de Netflix pudieran candidatearse para los premios importantes. [&hellip;]<\/p>\n","protected":false},"author":1,"featured_media":65210,"comment_status":"closed","ping_status":"closed","sticky":false,"template":"","format":"standard","meta":{"_seopress_robots_primary_cat":"","_seopress_titles_title":"","_seopress_titles_desc":"","_seopress_robots_index":"","footnotes":""},"categories":[3],"tags":[24016,24015],"class_list":{"0":"post-65209","1":"post","2":"type-post","3":"status-publish","4":"format-standard","5":"has-post-thumbnail","7":"category-cine-y-series","8":"tag-plataforma-quibi","9":"tag-steven-spielberg-serie-de-terror"},"_links":{"self":[{"href":"https:\/\/www.cordobatimes.com\/showup\/wp-json\/wp\/v2\/posts\/65209","targetHints":{"allow":["GET"]}}],"collection":[{"href":"https:\/\/www.cordobatimes.com\/showup\/wp-json\/wp\/v2\/posts"}],"about":[{"href":"https:\/\/www.cordobatimes.com\/showup\/wp-json\/wp\/v2\/types\/post"}],"author":[{"embeddable":true,"href":"https:\/\/www.cordobatimes.com\/showup\/wp-json\/wp\/v2\/users\/1"}],"replies":[{"embeddable":true,"href":"https:\/\/www.cordobatimes.com\/showup\/wp-json\/wp\/v2\/comments?post=65209"}],"version-history":[{"count":0,"href":"https:\/\/www.cordobatimes.com\/showup\/wp-json\/wp\/v2\/posts\/65209\/revisions"}],"wp:featuredmedia":[{"embeddable":true,"href":"https:\/\/www.cordobatimes.com\/showup\/wp-json\/wp\/v2\/media\/65210"}],"wp:attachment":[{"href":"https:\/\/www.cordobatimes.com\/showup\/wp-json\/wp\/v2\/media?parent=65209"}],"wp:term":[{"taxonomy":"category","embeddable":true,"href":"https:\/\/www.cordobatimes.com\/showup\/wp-json\/wp\/v2\/categories?post=65209"},{"taxonomy":"post_tag","embeddable":true,"href":"https:\/\/www.cordobatimes.com\/showup\/wp-json\/wp\/v2\/tags?post=65209"}],"curies":[{"name":"wp","href":"https:\/\/api.w.org\/{rel}","templated":true}]}}