{"id":65200,"date":"2019-06-11T10:15:41","date_gmt":"2019-06-11T13:15:41","guid":{"rendered":"https:\/\/www.cordobatimes.com\/showup\/?p=65200"},"modified":"2019-06-11T10:15:41","modified_gmt":"2019-06-11T13:15:41","slug":"diego-torres-vuelve-a-cordoba","status":"publish","type":"post","link":"https:\/\/www.cordobatimes.com\/showup\/musica\/2019\/06\/11\/diego-torres-vuelve-a-cordoba\/","title":{"rendered":"Diego Torres vuelve a C\u00f3rdoba"},"content":{"rendered":"<h3><strong>En octubre el cantante visitar\u00e1 seis ciudades argentinas con su gira.\u00a0<\/strong><\/h3>\n<p>e la mano de sus nuevos singles \u00abUn poquito\u00bb y \u00abEsa mujer\u00bb, con los que adorn\u00f3 los tres estadios Luna Park que llen\u00f3 entre noviembre y mayo, ahora el baladista y actor girar\u00e1 por distintos escenarios argentinos.<\/p>\n<p>El cantante y autor Diego Torres encarar\u00e1 a partir del 9 de octubre una serie de media docena de recitales que pasar\u00e1n por las ciudades de Rosario, C\u00f3rdoba, San Miguel de Tucum\u00e1n, Salta, Mendoza y San Juan.<\/p>\n<p>Torres se presentar\u00e1 el 9 de octubre en el City Center de Rosario, el d\u00eda 10  estar\u00e1 por C\u00f3rdoba en Quality Espacio, el 12 en el Teatro Mercedes Sosa de Tucum\u00e1n y el 14 en el Teatro Provincial de Salta.<\/p>\n<p>El tour continuar\u00e1 el 17 en el Auditorio \u00c1ngel Bustelo de Mendoza y terminar\u00e1 el 18 en el Teatro del Bicentenario de San Juan y las localidades para la gira saldr\u00e1n a la venta el pr\u00f3ximo mi\u00e9rcoles.<\/p>\n<p>\u00abVamos a volver a ciudades donde no tocaba hace mucho, mucho tiempo y reencontrarme con el p\u00fablico de todo mi pa\u00eds me llena de alegr\u00eda\u00bb, destac\u00f3 el m\u00fasico en una nota de prensa.<\/p>\n<p>Desde la organizaci\u00f3n informaron que las entradas se podr\u00e1n comprar en los puntos de venta de Quality y en la web desde el 12 de junio cuando comenzar\u00e1 la preventa exclusiva clientes banco Macro con hasta 6 cuotas sin inter\u00e9s. Los precios van desde 900 a 2200. <\/p>\n<p>El 14 a las 10 se retoma venta normal para el p\u00fablico en general. <\/p>\n<p><iframe loading=\"lazy\" width=\"560\" height=\"315\" src=\"https:\/\/www.youtube.com\/embed\/7JW391fU9ZE\" frameborder=\"0\" allow=\"accelerometer; autoplay; encrypted-media; gyroscope; picture-in-picture\" allowfullscreen><\/iframe><\/p>\n","protected":false},"excerpt":{"rendered":"<p>En octubre el cantante visitar\u00e1 seis ciudades argentinas con su gira.\u00a0 e la mano de sus nuevos singles \u00abUn poquito\u00bb y \u00abEsa mujer\u00bb, con los que adorn\u00f3 los tres estadios Luna Park que llen\u00f3 entre noviembre y mayo, ahora el baladista y actor girar\u00e1 por distintos escenarios argentinos. El cantante y autor Diego Torres encarar\u00e1 [&hellip;]<\/p>\n","protected":false},"author":1,"featured_media":65201,"comment_status":"closed","ping_status":"closed","sticky":false,"template":"","format":"standard","meta":{"_seopress_robots_primary_cat":"","_seopress_titles_title":"","_seopress_titles_desc":"","_seopress_robots_index":"","footnotes":""},"categories":[5],"tags":[24010,24009],"class_list":{"0":"post-65200","1":"post","2":"type-post","3":"status-publish","4":"format-standard","5":"has-post-thumbnail","7":"category-musica","8":"tag-cuando-viene-diego-torres-a-cordoba","9":"tag-diego-torres-en-cordoba"},"_links":{"self":[{"href":"https:\/\/www.cordobatimes.com\/showup\/wp-json\/wp\/v2\/posts\/65200","targetHints":{"allow":["GET"]}}],"collection":[{"href":"https:\/\/www.cordobatimes.com\/showup\/wp-json\/wp\/v2\/posts"}],"about":[{"href":"https:\/\/www.cordobatimes.com\/showup\/wp-json\/wp\/v2\/types\/post"}],"author":[{"embeddable":true,"href":"https:\/\/www.cordobatimes.com\/showup\/wp-json\/wp\/v2\/users\/1"}],"replies":[{"embeddable":true,"href":"https:\/\/www.cordobatimes.com\/showup\/wp-json\/wp\/v2\/comments?post=65200"}],"version-history":[{"count":0,"href":"https:\/\/www.cordobatimes.com\/showup\/wp-json\/wp\/v2\/posts\/65200\/revisions"}],"wp:featuredmedia":[{"embeddable":true,"href":"https:\/\/www.cordobatimes.com\/showup\/wp-json\/wp\/v2\/media\/65201"}],"wp:attachment":[{"href":"https:\/\/www.cordobatimes.com\/showup\/wp-json\/wp\/v2\/media?parent=65200"}],"wp:term":[{"taxonomy":"category","embeddable":true,"href":"https:\/\/www.cordobatimes.com\/showup\/wp-json\/wp\/v2\/categories?post=65200"},{"taxonomy":"post_tag","embeddable":true,"href":"https:\/\/www.cordobatimes.com\/showup\/wp-json\/wp\/v2\/tags?post=65200"}],"curies":[{"name":"wp","href":"https:\/\/api.w.org\/{rel}","templated":true}]}}