{"id":65167,"date":"2019-06-10T11:57:13","date_gmt":"2019-06-10T14:57:13","guid":{"rendered":"https:\/\/www.cordobatimes.com\/showup\/?p=65167"},"modified":"2019-06-10T12:28:20","modified_gmt":"2019-06-10T15:28:20","slug":"los-looks-de-la-alfombra-roja-de-los-martin-fierro-2019","status":"publish","type":"post","link":"https:\/\/www.cordobatimes.com\/showup\/moda-y-estilos\/2019\/06\/10\/los-looks-de-la-alfombra-roja-de-los-martin-fierro-2019\/","title":{"rendered":"Los looks de la alfombra roja de los Mart\u00edn Fierro 2019"},"content":{"rendered":"<h3><strong>Entre las mejores, Pampita, Tini y Zaira lideraron el podio.<\/strong><\/h3>\n<p>En la entrega n\u00famero 49 los aciertos, errores y perlitas que cometen las celebrities con la elecci\u00f3n de sus looks ya son un cl\u00e1sico. El color, el exceso de bordado, los escotes en las mujeres y las transparencias siempre pueden jugar una mala pasada.<\/p>\n<h3><strong>Pampita\u00a0<\/strong><\/h3>\n<p><img alt=\"\" loading=\"lazy\" decoding=\"async\" class=\"alignnone size-full wp-image-65171\" src=\"https:\/\/www.cordobatimes.com\/showup\/wp-content\/uploads\/2019\/06\/2-3.jpg\" alt=\"\" width=\"457\" height=\"559\" srcset=\"https:\/\/www.cordobatimes.com\/showup\/wp-content\/uploads\/2019\/06\/2-3.jpg 457w, https:\/\/www.cordobatimes.com\/showup\/wp-content\/uploads\/2019\/06\/2-3-343x420.jpg 343w\" sizes=\"auto, (max-width: 457px) 100vw, 457px\" \/><\/p>\n<p>Pampita, como siempre, impecable, en esta ocasi\u00f3n est\u00e1 muy bien con un vestido de terciopelo by Mar\u00eda Gorof con un gran escote V y la ca\u00edda del vestido es espectacular<\/p>\n<h3><strong>Tini Stoessel<\/strong><\/h3>\n<p><img alt=\"\" loading=\"lazy\" decoding=\"async\" class=\"alignnone size-full wp-image-65172\" src=\"https:\/\/www.cordobatimes.com\/showup\/wp-content\/uploads\/2019\/06\/3-2.jpg\" alt=\"\" width=\"379\" height=\"557\" srcset=\"https:\/\/www.cordobatimes.com\/showup\/wp-content\/uploads\/2019\/06\/3-2.jpg 379w, https:\/\/www.cordobatimes.com\/showup\/wp-content\/uploads\/2019\/06\/3-2-286x420.jpg 286w\" sizes=\"auto, (max-width: 379px) 100vw, 379px\" \/><\/p>\n<p>. Est\u00e1 muy linda con el vestido al cuerpo que marca su silueta. Con un gran escote en V y detalles de strass.<\/p>\n<h3><strong>Zaira Nara\u00a0<\/strong><\/h3>\n<p><img alt=\"\" loading=\"lazy\" decoding=\"async\" class=\"alignnone size-full wp-image-65173\" src=\"https:\/\/www.cordobatimes.com\/showup\/wp-content\/uploads\/2019\/06\/4.jpg\" alt=\"\" width=\"389\" height=\"564\" srcset=\"https:\/\/www.cordobatimes.com\/showup\/wp-content\/uploads\/2019\/06\/4.jpg 389w, https:\/\/www.cordobatimes.com\/showup\/wp-content\/uploads\/2019\/06\/4-290x420.jpg 290w\" sizes=\"auto, (max-width: 389px) 100vw, 389px\" \/><\/p>\n<p>El dise\u00f1o no se puede creer. Con transparencias, terciopelo y tul.<\/p>\n<h3><strong>Carla Peterson<\/strong><\/h3>\n<p><img alt=\"\" loading=\"lazy\" decoding=\"async\" class=\"alignnone size-full wp-image-65174\" src=\"https:\/\/www.cordobatimes.com\/showup\/wp-content\/uploads\/2019\/06\/5-3.jpg\" alt=\"\" width=\"377\" height=\"561\" srcset=\"https:\/\/www.cordobatimes.com\/showup\/wp-content\/uploads\/2019\/06\/5-3.jpg 377w, https:\/\/www.cordobatimes.com\/showup\/wp-content\/uploads\/2019\/06\/5-3-282x420.jpg 282w\" sizes=\"auto, (max-width: 377px) 100vw, 377px\" \/><\/p>\n<p>El dise\u00f1o es muy bueno. Es un gran trabajo de volados chiquitos de tul que se hace de la parte de la falda para abajo. En los hombros tiene el mismo trabajo simulando ser hombreras. El color es fabuloso.<\/p>\n<h3><strong>Sol P\u00e9rez\u00a0<\/strong><\/h3>\n<p><img alt=\"\" loading=\"lazy\" decoding=\"async\" class=\"alignnone size-full wp-image-65175\" src=\"https:\/\/www.cordobatimes.com\/showup\/wp-content\/uploads\/2019\/06\/6-1.jpg\" alt=\"\" width=\"288\" height=\"573\" srcset=\"https:\/\/www.cordobatimes.com\/showup\/wp-content\/uploads\/2019\/06\/6-1.jpg 288w, https:\/\/www.cordobatimes.com\/showup\/wp-content\/uploads\/2019\/06\/6-1-211x420.jpg 211w\" sizes=\"auto, (max-width: 288px) 100vw, 288px\" \/><\/p>\n<p>DemAsiado dorado. Muy llamativo el escote y mucho tajo<\/p>\n<blockquote class=\"twitter-tweet\">\n<p lang=\"es\" dir=\"ltr\">Se\u00f1oras y se\u00f1ores&#8230; \u00a1<a href=\"https:\/\/twitter.com\/SusanaGimenez?ref_src=twsrc%5Etfw\">@SusanaGimenez<\/a> ya est\u00e1 en los <a href=\"https:\/\/twitter.com\/hashtag\/MartinFierro?src=hash&amp;ref_src=twsrc%5Etfw\">#MartinFierro<\/a>! \u2728\ud83e\udd70 Mir\u00e1 el look de la diva en la Alfombra Roja \ud83d\ude0d <a href=\"https:\/\/t.co\/8p5jVquW9P\">pic.twitter.com\/8p5jVquW9P<\/a><\/p>\n<p>&mdash; Telefe (@telefe) <a href=\"https:\/\/twitter.com\/telefe\/status\/1137871075956723713?ref_src=twsrc%5Etfw\">June 9, 2019<\/a><\/p><\/blockquote>\n<p> <script async \nsrc=\"https:\/\/platform.twitter.com\/widgets.js\" charset=\"utf-8\"><\/script><\/p>\n<p><img alt=\"\" loading=\"lazy\" decoding=\"async\" src=\"https:\/\/www.cordobatimes.com\/showup\/wp-content\/uploads\/2019\/06\/kNwyNlzc_1560176529.jpeg\" alt=\"\" width=\"1580\" height=\"889\" class=\"alignnone size-full wp-image-65179\" srcset=\"https:\/\/www.cordobatimes.com\/showup\/wp-content\/uploads\/2019\/06\/kNwyNlzc_1560176529.jpeg 1580w, https:\/\/www.cordobatimes.com\/showup\/wp-content\/uploads\/2019\/06\/kNwyNlzc_1560176529-746x420.jpeg 746w, https:\/\/www.cordobatimes.com\/showup\/wp-content\/uploads\/2019\/06\/kNwyNlzc_1560176529-768x432.jpeg 768w, https:\/\/www.cordobatimes.com\/showup\/wp-content\/uploads\/2019\/06\/kNwyNlzc_1560176529-1024x576.jpeg 1024w, https:\/\/www.cordobatimes.com\/showup\/wp-content\/uploads\/2019\/06\/kNwyNlzc_1560176529-696x392.jpeg 696w, https:\/\/www.cordobatimes.com\/showup\/wp-content\/uploads\/2019\/06\/kNwyNlzc_1560176529-1068x601.jpeg 1068w\" sizes=\"auto, (max-width: 1580px) 100vw, 1580px\" \/><\/p>\n<p><img alt=\"\" loading=\"lazy\" decoding=\"async\" src=\"https:\/\/www.cordobatimes.com\/showup\/wp-content\/uploads\/2019\/06\/OoYaOpqC_1560176572.jpeg\" alt=\"\" width=\"591\" height=\"889\" class=\"alignnone size-full wp-image-65180\" srcset=\"https:\/\/www.cordobatimes.com\/showup\/wp-content\/uploads\/2019\/06\/OoYaOpqC_1560176572.jpeg 591w, https:\/\/www.cordobatimes.com\/showup\/wp-content\/uploads\/2019\/06\/OoYaOpqC_1560176572-279x420.jpeg 279w\" sizes=\"auto, (max-width: 591px) 100vw, 591px\" \/><\/p>\n<p><img alt=\"\" loading=\"lazy\" decoding=\"async\" src=\"https:\/\/www.cordobatimes.com\/showup\/wp-content\/uploads\/2019\/06\/s6ENLW69_1560176572.jpeg\" alt=\"\" width=\"591\" height=\"889\" class=\"alignnone size-full wp-image-65181\" srcset=\"https:\/\/www.cordobatimes.com\/showup\/wp-content\/uploads\/2019\/06\/s6ENLW69_1560176572.jpeg 591w, https:\/\/www.cordobatimes.com\/showup\/wp-content\/uploads\/2019\/06\/s6ENLW69_1560176572-279x420.jpeg 279w\" sizes=\"auto, (max-width: 591px) 100vw, 591px\" \/><\/p>\n<p><img alt=\"\" loading=\"lazy\" decoding=\"async\" src=\"https:\/\/www.cordobatimes.com\/showup\/wp-content\/uploads\/2019\/06\/Zzg9K2r3_1560176608.jpeg\" alt=\"\" width=\"591\" height=\"889\" class=\"alignnone size-full wp-image-65182\" srcset=\"https:\/\/www.cordobatimes.com\/showup\/wp-content\/uploads\/2019\/06\/Zzg9K2r3_1560176608.jpeg 591w, https:\/\/www.cordobatimes.com\/showup\/wp-content\/uploads\/2019\/06\/Zzg9K2r3_1560176608-279x420.jpeg 279w\" sizes=\"auto, (max-width: 591px) 100vw, 591px\" \/><\/p>\n","protected":false},"excerpt":{"rendered":"<p>Entre las mejores, Pampita, Tini y Zaira lideraron el podio. En la entrega n\u00famero 49 los aciertos, errores y perlitas que cometen las celebrities con la elecci\u00f3n de sus looks ya son un cl\u00e1sico. El color, el exceso de bordado, los escotes en las mujeres y las transparencias siempre pueden jugar una mala pasada. Pampita\u00a0 [&hellip;]<\/p>\n","protected":false},"author":1,"featured_media":65168,"comment_status":"closed","ping_status":"closed","sticky":false,"template":"","format":"standard","meta":{"_seopress_robots_primary_cat":"","_seopress_titles_title":"","_seopress_titles_desc":"","_seopress_robots_index":"","footnotes":""},"categories":[228],"tags":[24002],"class_list":{"0":"post-65167","1":"post","2":"type-post","3":"status-publish","4":"format-standard","5":"has-post-thumbnail","7":"category-moda-y-estilos","8":"tag-looks-martin-fierro-2019"},"_links":{"self":[{"href":"https:\/\/www.cordobatimes.com\/showup\/wp-json\/wp\/v2\/posts\/65167","targetHints":{"allow":["GET"]}}],"collection":[{"href":"https:\/\/www.cordobatimes.com\/showup\/wp-json\/wp\/v2\/posts"}],"about":[{"href":"https:\/\/www.cordobatimes.com\/showup\/wp-json\/wp\/v2\/types\/post"}],"author":[{"embeddable":true,"href":"https:\/\/www.cordobatimes.com\/showup\/wp-json\/wp\/v2\/users\/1"}],"replies":[{"embeddable":true,"href":"https:\/\/www.cordobatimes.com\/showup\/wp-json\/wp\/v2\/comments?post=65167"}],"version-history":[{"count":0,"href":"https:\/\/www.cordobatimes.com\/showup\/wp-json\/wp\/v2\/posts\/65167\/revisions"}],"wp:featuredmedia":[{"embeddable":true,"href":"https:\/\/www.cordobatimes.com\/showup\/wp-json\/wp\/v2\/media\/65168"}],"wp:attachment":[{"href":"https:\/\/www.cordobatimes.com\/showup\/wp-json\/wp\/v2\/media?parent=65167"}],"wp:term":[{"taxonomy":"category","embeddable":true,"href":"https:\/\/www.cordobatimes.com\/showup\/wp-json\/wp\/v2\/categories?post=65167"},{"taxonomy":"post_tag","embeddable":true,"href":"https:\/\/www.cordobatimes.com\/showup\/wp-json\/wp\/v2\/tags?post=65167"}],"curies":[{"name":"wp","href":"https:\/\/api.w.org\/{rel}","templated":true}]}}