{"id":65117,"date":"2019-06-07T09:23:01","date_gmt":"2019-06-07T12:23:01","guid":{"rendered":"https:\/\/www.cordobatimes.com\/showup\/?p=65117"},"modified":"2019-06-07T09:23:01","modified_gmt":"2019-06-07T12:23:01","slug":"el-representante-de-los-nocheros-conto-como-decidieron-seguir-adelante-sin-mario-teruel","status":"publish","type":"post","link":"https:\/\/www.cordobatimes.com\/showup\/musica\/2019\/06\/07\/el-representante-de-los-nocheros-conto-como-decidieron-seguir-adelante-sin-mario-teruel\/","title":{"rendered":"El representante de Los Nocheros cont\u00f3 c\u00f3mo decidieron seguir adelante sin Mario Teruel"},"content":{"rendered":"<h3><strong>Sin dudas es uno de los momentos m\u00e1s complicados de la carrera de Los Nocheros.<\/strong><\/h3>\n<p>Despu\u00e9s de la denuncia de abuso sexual contra el hijo de Mario Teruel y\u00a0la decisi\u00f3n de \u00e9ste de alejarse de la banda, apareci\u00f3 un testimonio contra el hijo de Kike Teruel, quien sufri\u00f3 un pico de estr\u00e9s y oblig\u00f3 a suspender un show.<\/p>\n<p>Por estos d\u00edas, el grupo salte\u00f1o acaba de lanzar un nuevo disco y se dispone a emprender una extensa gira nacional, con todo lo que eso significa. \u00abSin Mario en el grupo, estamos cumpliendo con todos los compromisos que ten\u00edamos asumidos. Ten\u00edamos una gira programada por todo el pa\u00eds bastante intensa presentando\u00a0Sol nocturno, el trabajo que lanzamos unos d\u00edas antes de todo lo que pas\u00f3\u00bb, explic\u00f3 en di\u00e1logo con CNN Radio Alejandro Varela, representante de Los Nocheros y presidente de S-Music, el sello que edita sus discos.<\/p>\n<p>\u00abLo \u00fanico que se suspendi\u00f3 fue el show de San Luis, que lo decidimos en conjunto con la gente que nos contrat\u00f3. Los chicos estaban muy conmovidos y necesitaban un tiempo para asimilar lo que estaba pasando. Est\u00e1bamos todos en shock pero seguimos adelante\u201d, se sincer\u00f3.<\/p>\n<p>Para Varela los fan\u00e1ticos de la banda comprenden que una cosa es la m\u00fasica que realizan y otra es lo que sucede en el plano personal, haciendo alusi\u00f3n al grave hecho que cometi\u00f3 el joven. \u00abPor suerte los fans de los chicos entienden claramente que una cosa es el grupo, sus canciones y el show. Y otra lo que le pasa a Mario con su hijo\u00bb, dijo.<\/p>\n<p>Kike Teruel, furioso por una acusaci\u00f3n de abuso contra su hijo: \u00abMi familia es intachable\u00bb<br \/>\nC\u00f3mo se decidi\u00f3<\/p>\n<p>Luego, revel\u00f3 que llamativamente no existi\u00f3 una juntada para decidir los pasos a seguir. \u00abNo hubo una reuni\u00f3n entre todos porque yo estaba en Buenos Aires. Pero Mario me transmiti\u00f3 que no estaba de \u00e1nimo para cantar y afrontar estos compromisos. Que necesitaba estar tranquilo y acompa\u00f1ar a su hijo y a su familia en estos momentos\u00bb.<\/p>\n<p>\u00abMi consejo siempre fue no hablar y dejar que las cosas sucedan. Las cosas est\u00e1n claras y no hay mucho que se pueda decir\u201d. Sin embargo, explic\u00f3 que \u00abentendi\u00f3 la necesidad de Kike Teruel para referirse al tema cuando sali\u00f3 al aire en Intrusos.<\/p>\n<p>Tambi\u00e9n el representante se refiri\u00f3 a c\u00f3mo vive esta situaci\u00f3n \u00c1lvaro Teruel, hermano de Lautaro e hijo de Mario: \u00abEstamos charlando mucho con \u00e9l para que pueda procesar lo que est\u00e1 pasando. Es un cantor y necesita cantar no s\u00f3lo desde lo econ\u00f3mico, sino porque \u00e9l es eso: un cantor. Es un profesional y vamos a ver qu\u00e9 pasa cuando vayan pasando los shows\u00bb, concluy\u00f3.<\/p>\n","protected":false},"excerpt":{"rendered":"<p>Sin dudas es uno de los momentos m\u00e1s complicados de la carrera de Los Nocheros. Despu\u00e9s de la denuncia de abuso sexual contra el hijo de Mario Teruel y\u00a0la decisi\u00f3n de \u00e9ste de alejarse de la banda, apareci\u00f3 un testimonio contra el hijo de Kike Teruel, quien sufri\u00f3 un pico de estr\u00e9s y oblig\u00f3 a [&hellip;]<\/p>\n","protected":false},"author":1,"featured_media":65118,"comment_status":"closed","ping_status":"closed","sticky":false,"template":"","format":"standard","meta":{"_seopress_robots_primary_cat":"","_seopress_titles_title":"","_seopress_titles_desc":"","_seopress_robots_index":"","footnotes":""},"categories":[5],"tags":[23989,23988],"class_list":{"0":"post-65117","1":"post","2":"type-post","3":"status-publish","4":"format-standard","5":"has-post-thumbnail","7":"category-musica","8":"tag-los-nocheros-mario-teruel","9":"tag-representante-de-los-nocheros"},"_links":{"self":[{"href":"https:\/\/www.cordobatimes.com\/showup\/wp-json\/wp\/v2\/posts\/65117","targetHints":{"allow":["GET"]}}],"collection":[{"href":"https:\/\/www.cordobatimes.com\/showup\/wp-json\/wp\/v2\/posts"}],"about":[{"href":"https:\/\/www.cordobatimes.com\/showup\/wp-json\/wp\/v2\/types\/post"}],"author":[{"embeddable":true,"href":"https:\/\/www.cordobatimes.com\/showup\/wp-json\/wp\/v2\/users\/1"}],"replies":[{"embeddable":true,"href":"https:\/\/www.cordobatimes.com\/showup\/wp-json\/wp\/v2\/comments?post=65117"}],"version-history":[{"count":0,"href":"https:\/\/www.cordobatimes.com\/showup\/wp-json\/wp\/v2\/posts\/65117\/revisions"}],"wp:featuredmedia":[{"embeddable":true,"href":"https:\/\/www.cordobatimes.com\/showup\/wp-json\/wp\/v2\/media\/65118"}],"wp:attachment":[{"href":"https:\/\/www.cordobatimes.com\/showup\/wp-json\/wp\/v2\/media?parent=65117"}],"wp:term":[{"taxonomy":"category","embeddable":true,"href":"https:\/\/www.cordobatimes.com\/showup\/wp-json\/wp\/v2\/categories?post=65117"},{"taxonomy":"post_tag","embeddable":true,"href":"https:\/\/www.cordobatimes.com\/showup\/wp-json\/wp\/v2\/tags?post=65117"}],"curies":[{"name":"wp","href":"https:\/\/api.w.org\/{rel}","templated":true}]}}