{"id":65074,"date":"2019-06-05T10:20:44","date_gmt":"2019-06-05T13:20:44","guid":{"rendered":"https:\/\/www.cordobatimes.com\/showup\/?p=65074"},"modified":"2019-06-05T10:20:44","modified_gmt":"2019-06-05T13:20:44","slug":"el-puma-rodriguez-tendra-una-serie-sobre-su-vida","status":"publish","type":"post","link":"https:\/\/www.cordobatimes.com\/showup\/cine-y-series\/2019\/06\/05\/el-puma-rodriguez-tendra-una-serie-sobre-su-vida\/","title":{"rendered":"El \u00abPuma\u00bb Rodr\u00edguez tendr\u00e1  una serie sobre su vida"},"content":{"rendered":"<p>Jos\u00e9 Luis \u00abEl Puma\u00bb Rodr\u00edguez tendr\u00e1 una serie de televisi\u00f3n que se hab\u00eda pospuesto tras sus problemas de salud que lo obligaron a un doble trasplante de pulm\u00f3n en 2017 del cual ya se recuper\u00f3, seg\u00fan inform\u00f3 el cantante venezolano.<\/p>\n<p>\u00abQuiero mostrar mi pasado y mi nueva vida, mis problemas, mis desaf\u00edos, las discusiones y, si, incluso las peleas\u00bb, manifest\u00f3 el int\u00e9rprete de \u00abDue\u00f1o de m\u00ed, due\u00f1o de nada\u00bb en un comunicado sobre el nuevo proyecto.<\/p>\n<p>La productora CTMOBS, a cargo de la serie, dijo a EFE que a\u00fan no hay fechas de grabaci\u00f3n, pero que espera tenerla lista para el pr\u00f3ximo a\u00f1o. CTMOBS destac\u00f3 la historia de \u00abEl Puma\u00bb como una \u00abde las m\u00e1s apasionantes e implacables de la industria de la m\u00fasica\u00bb.<\/p>\n<p>\u00abNo solo cre\u00f3 un inmenso cat\u00e1logo de m\u00e1s de treinta \u00e1lbumes y cientos de canciones, sino que regres\u00f3 luego de un trasplante doble de pulm\u00f3n y ahora sigue realizando giras a toda potencia\u00bb, expres\u00f3 Sergio Pizzolante, fundador y socio gerente de la productora.<\/p>\n<p>El artista venezolano, conocido por temas como \u00abPavo Real\u00bb y \u00abAg\u00e1rrense de las manos\u00bb, se mostr\u00f3 entusiasmado de mostrar su pasado y su nueva vida. \u00abEsta ser\u00e1 mi historia contada por m\u00ed mismo y es una bendici\u00f3n poder tener esta segunda oportunidad en la vida para poder contarla\u00bb, subray\u00f3.<\/p>\n<p>La serie, seg\u00fan la productora, abordar\u00e1 su vida, sus batallas personales y profesionales, sus problemas de salud, \u00ablos demonios que tuvo que conquistar y las segundas oportunidades\u00bb.<\/p>\n<p>\u00abEl Puma demostrar\u00e1 que puedes superar cualquier obst\u00e1culo, sin importar lo que la vida te ponga delante\u00bb, se\u00f1al\u00f3 Pizzolante, productor de series como \u00abNicky Jam: El Ganador\u00bb, de Netflix.<\/p>\n","protected":false},"excerpt":{"rendered":"<p>Jos\u00e9 Luis \u00abEl Puma\u00bb Rodr\u00edguez tendr\u00e1 una serie de televisi\u00f3n que se hab\u00eda pospuesto tras sus problemas de salud que lo obligaron a un doble trasplante de pulm\u00f3n en 2017 del cual ya se recuper\u00f3, seg\u00fan inform\u00f3 el cantante venezolano. \u00abQuiero mostrar mi pasado y mi nueva vida, mis problemas, mis desaf\u00edos, las discusiones y, [&hellip;]<\/p>\n","protected":false},"author":1,"featured_media":65075,"comment_status":"closed","ping_status":"closed","sticky":false,"template":"","format":"standard","meta":{"_seopress_robots_primary_cat":"","_seopress_titles_title":"","_seopress_titles_desc":"","_seopress_robots_index":"","footnotes":""},"categories":[3],"tags":[12196,23969],"class_list":{"0":"post-65074","1":"post","2":"type-post","3":"status-publish","4":"format-standard","5":"has-post-thumbnail","7":"category-cine-y-series","8":"tag-el-puma-rodriguez","9":"tag-serie-del-puma-rodriguez"},"_links":{"self":[{"href":"https:\/\/www.cordobatimes.com\/showup\/wp-json\/wp\/v2\/posts\/65074","targetHints":{"allow":["GET"]}}],"collection":[{"href":"https:\/\/www.cordobatimes.com\/showup\/wp-json\/wp\/v2\/posts"}],"about":[{"href":"https:\/\/www.cordobatimes.com\/showup\/wp-json\/wp\/v2\/types\/post"}],"author":[{"embeddable":true,"href":"https:\/\/www.cordobatimes.com\/showup\/wp-json\/wp\/v2\/users\/1"}],"replies":[{"embeddable":true,"href":"https:\/\/www.cordobatimes.com\/showup\/wp-json\/wp\/v2\/comments?post=65074"}],"version-history":[{"count":0,"href":"https:\/\/www.cordobatimes.com\/showup\/wp-json\/wp\/v2\/posts\/65074\/revisions"}],"wp:featuredmedia":[{"embeddable":true,"href":"https:\/\/www.cordobatimes.com\/showup\/wp-json\/wp\/v2\/media\/65075"}],"wp:attachment":[{"href":"https:\/\/www.cordobatimes.com\/showup\/wp-json\/wp\/v2\/media?parent=65074"}],"wp:term":[{"taxonomy":"category","embeddable":true,"href":"https:\/\/www.cordobatimes.com\/showup\/wp-json\/wp\/v2\/categories?post=65074"},{"taxonomy":"post_tag","embeddable":true,"href":"https:\/\/www.cordobatimes.com\/showup\/wp-json\/wp\/v2\/tags?post=65074"}],"curies":[{"name":"wp","href":"https:\/\/api.w.org\/{rel}","templated":true}]}}