{"id":65062,"date":"2019-06-04T16:36:30","date_gmt":"2019-06-04T19:36:30","guid":{"rendered":"https:\/\/www.cordobatimes.com\/showup\/?p=65062"},"modified":"2019-06-04T16:36:30","modified_gmt":"2019-06-04T19:36:30","slug":"se-estreno-con-permisito-dijo-monchito-la-serie-sobre-don-ramon","status":"publish","type":"post","link":"https:\/\/www.cordobatimes.com\/showup\/cine-y-series\/2019\/06\/04\/se-estreno-con-permisito-dijo-monchito-la-serie-sobre-don-ramon\/","title":{"rendered":"Se estren\u00f3 \u201cCon permisito dijo Monchito\u201d, la serie sobre Don Ram\u00f3n"},"content":{"rendered":"<h3><strong>La idea\u00a0 nace de una iniciativa de Esteban y Miguel Vald\u00e9s, hijo y nieto del comediante que brill\u00f3 en El Chavo del 8.\u00a0<\/strong><\/h3>\n<p>Con permisito dijo Monchito. As\u00ed se titula el documental sobre la vida de Ram\u00f3n Vald\u00e9s, el famoso Don Ram\u00f3n de El Chavo del 8, que ya estren\u00f3 su primer cap\u00edtulo.<\/p>\n<p>La realizaci\u00f3n la impulsa Esteban Vald\u00e9s, hijo del fallecido actor mejicano, quien tambi\u00e9n oficia de pivot narrativo.<\/p>\n<p>Con permisito dijo Monchito\u00a0revela detalles hasta ahora desconocidos de la construcci\u00f3n de Don Ram\u00f3n, incluyendo testimonios de allegados que aportan datos interesantes. Entre ellos, se destacan los de Antonio Vald\u00e9s (hermano) y los de los cuatro hijos del comediante: Araceli, Carmen, Jorge y Esteban.<\/p>\n<blockquote class=\"twitter-tweet\" data-lang=\"es\">\n<p dir=\"ltr\" lang=\"es\">Un tesoro para mi, una fotograf\u00eda de mi abuelo firmando el acta de matrimonio de mis padres, su sonrisa demuestra su gran felicidad, quer\u00eda mucho a mi pap\u00e1. Ser\u00e1 de las pocas fotograf\u00edas que ver\u00e1n de mi abuelo vestido de traje, siempre prefer\u00eda sus jeans, camiseta y tenis. \ud83d\ude01\u270c\ud83c\udffc <a href=\"https:\/\/t.co\/NAELfOqGOZ\">pic.twitter.com\/NAELfOqGOZ<\/a><\/p>\n<p>\u2014 Ram\u00f3n Vald\u00e9s Castillo (@RamnValdsCasti1) <a href=\"https:\/\/twitter.com\/RamnValdsCasti1\/status\/1116788667744387074?ref_src=twsrc%5Etfw\">12 de abril de 2019<\/a><\/p><\/blockquote>\n<p><script async src=\"https:\/\/platform.twitter.com\/widgets.js\" charset=\"utf-8\"><\/script><\/p>\n<p>Para que Con permisito dijo Monchito fuera riguroso, Esteban tambi\u00e9n logr\u00f3 entrevistas con Mar\u00eda Antonieta de las Nieves (la Chilindrina), Carlos Villagr\u00e1n (Quico) y \u00c9dgar Vivar (el se\u00f1or Barriga), los otros int\u00e9rpretes clave de El Chavo del 8, programa que escribi\u00f3 y dirigi\u00f3 el tambi\u00e9n fallecido Roberto G\u00f3mez Bola\u00f1os, \u201cChespirito\u201d.<\/p>\n<blockquote class=\"twitter-tweet\" data-lang=\"es\">\n<p dir=\"ltr\" lang=\"es\">Amigos ya est\u00e1 el primer v\u00eddeo del canal, espero que les guste much\u00edsimo! Los queremos!!!<a href=\"https:\/\/t.co\/HKU3gNQSsn\">https:\/\/t.co\/HKU3gNQSsn<\/a> <a href=\"https:\/\/t.co\/B2jRrGqj48\">pic.twitter.com\/B2jRrGqj48<\/a><\/p>\n<p>\u2014 Ram\u00f3n Vald\u00e9s Castillo (@RamnValdsCasti1) <a href=\"https:\/\/twitter.com\/RamnValdsCasti1\/status\/1135401595791798272?ref_src=twsrc%5Etfw\">3 de junio de 2019<\/a><\/p><\/blockquote>\n<p><script async src=\"https:\/\/platform.twitter.com\/widgets.js\" charset=\"utf-8\"><\/script><\/p>\n<p>\u201cLa idea principal era hacer un libro; mi t\u00edo Esteban Vald\u00e9s quer\u00eda escribir sobre la vida de mi abuelo desde su punto de vista y este texto iba a tener un DVD con las entrevistas de los tres compa\u00f1eros mas queridos de mi abuelo: Edgar Vivar, Mar\u00eda Antonieta de las Nieves y Carlos Villagr\u00e1n\u201d, dijo Miguel Vald\u00e9s, nieto del actor y productor del documental,<\/p>\n<p>Con permisito dijo Monchito es la expresi\u00f3n que usaba Don Ram\u00f3n para escapar de momentos inc\u00f3modos; entre ellos, cuando el se\u00f1or Barriga aparec\u00eda para cobrarle la renta.<\/p>\n<p><iframe loading=\"lazy\" src=\"https:\/\/www.youtube.com\/embed\/d4Z28ajqP1Y\" width=\"560\" height=\"315\" frameborder=\"0\" allowfullscreen=\"allowfullscreen\"><\/iframe><\/p>\n","protected":false},"excerpt":{"rendered":"<p>La idea\u00a0 nace de una iniciativa de Esteban y Miguel Vald\u00e9s, hijo y nieto del comediante que brill\u00f3 en El Chavo del 8.\u00a0 Con permisito dijo Monchito. As\u00ed se titula el documental sobre la vida de Ram\u00f3n Vald\u00e9s, el famoso Don Ram\u00f3n de El Chavo del 8, que ya estren\u00f3 su primer cap\u00edtulo. La realizaci\u00f3n [&hellip;]<\/p>\n","protected":false},"author":1,"featured_media":65063,"comment_status":"closed","ping_status":"closed","sticky":false,"template":"","format":"standard","meta":{"_seopress_robots_primary_cat":"","_seopress_titles_title":"","_seopress_titles_desc":"","_seopress_robots_index":"","footnotes":""},"categories":[3],"tags":[23815,2342,23967],"class_list":{"0":"post-65062","1":"post","2":"type-post","3":"status-publish","4":"format-standard","5":"has-post-thumbnail","7":"category-cine-y-series","8":"tag-con-permisito-dijo-monchito","9":"tag-el-chavo-del-8","10":"tag-serie-sobre-don-ramon"},"_links":{"self":[{"href":"https:\/\/www.cordobatimes.com\/showup\/wp-json\/wp\/v2\/posts\/65062","targetHints":{"allow":["GET"]}}],"collection":[{"href":"https:\/\/www.cordobatimes.com\/showup\/wp-json\/wp\/v2\/posts"}],"about":[{"href":"https:\/\/www.cordobatimes.com\/showup\/wp-json\/wp\/v2\/types\/post"}],"author":[{"embeddable":true,"href":"https:\/\/www.cordobatimes.com\/showup\/wp-json\/wp\/v2\/users\/1"}],"replies":[{"embeddable":true,"href":"https:\/\/www.cordobatimes.com\/showup\/wp-json\/wp\/v2\/comments?post=65062"}],"version-history":[{"count":0,"href":"https:\/\/www.cordobatimes.com\/showup\/wp-json\/wp\/v2\/posts\/65062\/revisions"}],"wp:featuredmedia":[{"embeddable":true,"href":"https:\/\/www.cordobatimes.com\/showup\/wp-json\/wp\/v2\/media\/65063"}],"wp:attachment":[{"href":"https:\/\/www.cordobatimes.com\/showup\/wp-json\/wp\/v2\/media?parent=65062"}],"wp:term":[{"taxonomy":"category","embeddable":true,"href":"https:\/\/www.cordobatimes.com\/showup\/wp-json\/wp\/v2\/categories?post=65062"},{"taxonomy":"post_tag","embeddable":true,"href":"https:\/\/www.cordobatimes.com\/showup\/wp-json\/wp\/v2\/tags?post=65062"}],"curies":[{"name":"wp","href":"https:\/\/api.w.org\/{rel}","templated":true}]}}