{"id":65047,"date":"2019-06-04T11:51:56","date_gmt":"2019-06-04T14:51:56","guid":{"rendered":"https:\/\/www.cordobatimes.com\/showup\/?p=65047"},"modified":"2019-06-04T12:06:30","modified_gmt":"2019-06-04T15:06:30","slug":"actrices-de-orange-is-the-new-black-grabaron-un-video-para-apoyar-el-niunamenos","status":"publish","type":"post","link":"https:\/\/www.cordobatimes.com\/showup\/cine-y-series\/2019\/06\/04\/actrices-de-orange-is-the-new-black-grabaron-un-video-para-apoyar-el-niunamenos\/","title":{"rendered":"Actrices de \u00abOrange is the New Black\u00bb grabaron un video para apoyar el #NiUnaMenos"},"content":{"rendered":"<p>Las actrices de la famosa serie <strong>Orange is the New Black<\/strong> que se emite a trav\u00e9s de la plataforma Netflix, grabaron un video para apoyar a las mujeres que participaron este Lunes\u00a0 de la quinta marcha \u00abNi una Menos\u00bb en Argentina.<\/p>\n<p>Bajo el t\u00edtulo \u00abSigan marchando\u00bb, las actrices aseguran que la lucha de las mujeres argentinas \u00abno ha pasado desapercibida\u00bb y las instan a mantenerse firmes en la lucha contra la violencia yla igualdad de g\u00e9nero.<\/p>\n<p>Taylor Schilling, quien interpreta a Piper Chapman en la serie de Netflix sobre una c\u00e1rcel de mujeres asegura:\u00bbMujeres de Argentina. Han sido tiempos dif\u00edciles para la igualdad de las mujeres, pero la lucha que iniciaron no ha pasado desapercibida\u00bb.<\/p>\n<p>La primera parte del video est\u00e1 en ingl\u00e9s pero una de las \u00abpresas\u00bb que representa a la comunidad latina en la prisi\u00f3n habla en espa\u00f1ol.<\/p>\n<div class=\"block-ad-node\">\n<div id=\"middle_1-1013959_parent\"><\/div>\n<\/div>\n<p>\u00abLev\u00e1ntense y mant\u00e9ngase firmes. Quiero que todas se paren y peleen, que las reconozcan como deber\u00eda de ser\u00bb, indic\u00f3 la actriz.<\/p>\n<p>Y agrega: \u00abHan sido tiempos dif\u00edciles para la igualdad de las mujeres,luchen por lo que se merecen; por la igualdad, el reconocimiento, el orgullo y la autonom\u00eda sobre sus propios cuerpos\u00bb.<\/p>\n<p>Al final del video Schilling afirma que \u00abnosotras las apoyamos. Las queremos as\u00ed, y sigan marchando. Sigan con esa unidad y ese poder que todas lo podemos hacer\u00bb.<\/p>\n<blockquote class=\"twitter-tweet\" data-lang=\"es\">\n<p lang=\"es\" dir=\"ltr\">Las chicas de <a href=\"https:\/\/twitter.com\/OITNB?ref_src=twsrc%5Etfw\">@OITNB<\/a> quieren decirles algo a las mujeres de Argentina \ud83c\udde6\ud83c\uddf7 <a href=\"https:\/\/t.co\/G8gpSC6ruE\">pic.twitter.com\/G8gpSC6ruE<\/a><\/p>\n<p>&mdash; CheNetflix (@CheNetflix) <a href=\"https:\/\/twitter.com\/CheNetflix\/status\/1135599919954366464?ref_src=twsrc%5Etfw\">3 de junio de 2019<\/a><\/p><\/blockquote>\n<p><script async src=\"https:\/\/platform.twitter.com\/widgets.js\" charset=\"utf-8\"><\/script><\/p>\n","protected":false},"excerpt":{"rendered":"<p>Las actrices de la famosa serie Orange is the New Black que se emite a trav\u00e9s de la plataforma Netflix, grabaron un video para apoyar a las mujeres que participaron este Lunes\u00a0 de la quinta marcha \u00abNi una Menos\u00bb en Argentina. Bajo el t\u00edtulo \u00abSigan marchando\u00bb, las actrices aseguran que la lucha de las mujeres [&hellip;]<\/p>\n","protected":false},"author":1,"featured_media":65051,"comment_status":"closed","ping_status":"closed","sticky":false,"template":"","format":"standard","meta":{"_seopress_robots_primary_cat":"","_seopress_titles_title":"","_seopress_titles_desc":"","_seopress_robots_index":"","footnotes":""},"categories":[3],"tags":[13422,23960,23961],"class_list":{"0":"post-65047","1":"post","2":"type-post","3":"status-publish","4":"format-standard","5":"has-post-thumbnail","7":"category-cine-y-series","8":"tag-niunamenos","9":"tag-actrices-de-orange-is-the-new-black","10":"tag-actrices-de-orange-is-the-new-black-video"},"_links":{"self":[{"href":"https:\/\/www.cordobatimes.com\/showup\/wp-json\/wp\/v2\/posts\/65047","targetHints":{"allow":["GET"]}}],"collection":[{"href":"https:\/\/www.cordobatimes.com\/showup\/wp-json\/wp\/v2\/posts"}],"about":[{"href":"https:\/\/www.cordobatimes.com\/showup\/wp-json\/wp\/v2\/types\/post"}],"author":[{"embeddable":true,"href":"https:\/\/www.cordobatimes.com\/showup\/wp-json\/wp\/v2\/users\/1"}],"replies":[{"embeddable":true,"href":"https:\/\/www.cordobatimes.com\/showup\/wp-json\/wp\/v2\/comments?post=65047"}],"version-history":[{"count":0,"href":"https:\/\/www.cordobatimes.com\/showup\/wp-json\/wp\/v2\/posts\/65047\/revisions"}],"wp:featuredmedia":[{"embeddable":true,"href":"https:\/\/www.cordobatimes.com\/showup\/wp-json\/wp\/v2\/media\/65051"}],"wp:attachment":[{"href":"https:\/\/www.cordobatimes.com\/showup\/wp-json\/wp\/v2\/media?parent=65047"}],"wp:term":[{"taxonomy":"category","embeddable":true,"href":"https:\/\/www.cordobatimes.com\/showup\/wp-json\/wp\/v2\/categories?post=65047"},{"taxonomy":"post_tag","embeddable":true,"href":"https:\/\/www.cordobatimes.com\/showup\/wp-json\/wp\/v2\/tags?post=65047"}],"curies":[{"name":"wp","href":"https:\/\/api.w.org\/{rel}","templated":true}]}}