{"id":64285,"date":"2019-05-30T11:16:17","date_gmt":"2019-05-30T14:16:17","guid":{"rendered":"https:\/\/www.cordobatimes.com\/showup\/?p=64285"},"modified":"2019-05-30T11:16:17","modified_gmt":"2019-05-30T14:16:17","slug":"los-nocheros-suspendieron-un-show-tras-un-pico-de-presion-de-kike-teruel","status":"publish","type":"post","link":"https:\/\/www.cordobatimes.com\/showup\/musica\/2019\/05\/30\/los-nocheros-suspendieron-un-show-tras-un-pico-de-presion-de-kike-teruel\/","title":{"rendered":"Los Nocheros suspendieron un show tras un pico de presi\u00f3n de Kike Teruel"},"content":{"rendered":"<h3><strong>El recital estaba previsto para el 1\u00b0 de junio en San Juan.<\/strong><\/h3>\n<p>La escandalosa situaci\u00f3n que atraviesan Los Nocheros a partir de la denuncia por abuso sexual contra Lautaro Teruel, hijo de Mario, sigue complicando el presente musical de la banda.<\/p>\n<p>En primer lugar, porque Mario Teruel anunci\u00f3 que\u00a0se retiraba moment\u00e1neamente de la agrupaci\u00f3n\u00a0para acompa\u00f1ar a su hijo, actualmente detenido e imputado por los delitos de\u00a0exhibiciones obscenas agravadas y abuso sexual con acceso carnal, en perjuicio de una ni\u00f1a menor de edad.<\/p>\n<p>Este mi\u00e9rcoles, el que se vio complicado fue Kike Teruel que sufri\u00f3 un pico de presi\u00f3n y debi\u00f3 ser asistido por m\u00e9dicos en su hogar, justo cuando se aprestaba a brindar nuevas entrevistas period\u00edsticas para hablar de la situaci\u00f3n de su sobrino.<\/p>\n<p>Esto deriv\u00f3 en la cancelaci\u00f3n del recital que Los Nocheros ten\u00edan previsto brindar el s\u00e1bado 1\u00b0 de junio en el Parque IV Centenario de la ciudad de San Luis. Los productores del recital expresaron que la suspensi\u00f3n fue productor del \u201cagotamiento emocional\u201d que sufren los m\u00fasicos a partir\u00a0 \u201cde los hechos que son de conocimiento p\u00fablico\u201d.<\/p>\n<p>\u00abHemos recibido un comunicado del grupo y su man\u00e1ger donde nos informaban que prefieren dejar la fecha de este s\u00e1bado para otro momento, ya que est\u00e1n pasando por una situaci\u00f3n muy especial, de p\u00fablico conocimiento\u00bb, afirm\u00f3\u00a0 Lucas Ojeda, jefe del Programa Cultura del gobierno sanjuanino.<\/p>\n<p>Todo esto se da en medio del lanzamiento de\u00a0Sol nocturno, el nuevo material discogr\u00e1fico de la banda, previsto para los pr\u00f3ximos meses y para el cu\u00e1l ya ten\u00edan varias presentaciones en vivo programadas.<\/p>\n","protected":false},"excerpt":{"rendered":"<p>El recital estaba previsto para el 1\u00b0 de junio en San Juan. La escandalosa situaci\u00f3n que atraviesan Los Nocheros a partir de la denuncia por abuso sexual contra Lautaro Teruel, hijo de Mario, sigue complicando el presente musical de la banda. En primer lugar, porque Mario Teruel anunci\u00f3 que\u00a0se retiraba moment\u00e1neamente de la agrupaci\u00f3n\u00a0para acompa\u00f1ar [&hellip;]<\/p>\n","protected":false},"author":1,"featured_media":64286,"comment_status":"closed","ping_status":"closed","sticky":false,"template":"","format":"standard","meta":{"_seopress_robots_primary_cat":"","_seopress_titles_title":"","_seopress_titles_desc":"","_seopress_robots_index":"","footnotes":""},"categories":[5],"tags":[5027,379,23881],"class_list":{"0":"post-64285","1":"post","2":"type-post","3":"status-publish","4":"format-standard","5":"has-post-thumbnail","7":"category-musica","8":"tag-kike-teruel","9":"tag-los-nocheros","10":"tag-pico-de-presion-de-kike-teruel"},"_links":{"self":[{"href":"https:\/\/www.cordobatimes.com\/showup\/wp-json\/wp\/v2\/posts\/64285","targetHints":{"allow":["GET"]}}],"collection":[{"href":"https:\/\/www.cordobatimes.com\/showup\/wp-json\/wp\/v2\/posts"}],"about":[{"href":"https:\/\/www.cordobatimes.com\/showup\/wp-json\/wp\/v2\/types\/post"}],"author":[{"embeddable":true,"href":"https:\/\/www.cordobatimes.com\/showup\/wp-json\/wp\/v2\/users\/1"}],"replies":[{"embeddable":true,"href":"https:\/\/www.cordobatimes.com\/showup\/wp-json\/wp\/v2\/comments?post=64285"}],"version-history":[{"count":0,"href":"https:\/\/www.cordobatimes.com\/showup\/wp-json\/wp\/v2\/posts\/64285\/revisions"}],"wp:featuredmedia":[{"embeddable":true,"href":"https:\/\/www.cordobatimes.com\/showup\/wp-json\/wp\/v2\/media\/64286"}],"wp:attachment":[{"href":"https:\/\/www.cordobatimes.com\/showup\/wp-json\/wp\/v2\/media?parent=64285"}],"wp:term":[{"taxonomy":"category","embeddable":true,"href":"https:\/\/www.cordobatimes.com\/showup\/wp-json\/wp\/v2\/categories?post=64285"},{"taxonomy":"post_tag","embeddable":true,"href":"https:\/\/www.cordobatimes.com\/showup\/wp-json\/wp\/v2\/tags?post=64285"}],"curies":[{"name":"wp","href":"https:\/\/api.w.org\/{rel}","templated":true}]}}