{"id":64282,"date":"2019-05-30T10:44:13","date_gmt":"2019-05-30T13:44:13","guid":{"rendered":"https:\/\/www.cordobatimes.com\/showup\/?p=64282"},"modified":"2019-05-30T10:44:13","modified_gmt":"2019-05-30T13:44:13","slug":"el-primer-trailer-de-no-soy-tu-mami-la-pelicula-de-julieta-diaz-y-pablo-echarri","status":"publish","type":"post","link":"https:\/\/www.cordobatimes.com\/showup\/cine-y-series\/2019\/05\/30\/el-primer-trailer-de-no-soy-tu-mami-la-pelicula-de-julieta-diaz-y-pablo-echarri\/","title":{"rendered":"El Primer tr\u00e1iler de \u201cNo soy tu mami\u201d, la pel\u00edcula  de Julieta D\u00edaz y Pablo Echarri"},"content":{"rendered":"<p>No soy tu mami, la pel\u00edcula protagonizada por Julieta D\u00edaz y Pablo Echarri llegar\u00e1 a los cines el pr\u00f3ximo 27 de junio y su tr\u00e1iler ya da vueltas por las redes.<\/p>\n<p>El filme cuestiona los mandatos impuestos sobre la maternidad y sobre las mujeres con un tono cr\u00edtico pero humor\u00edstico.<\/p>\n<p>Adem\u00e1s de D\u00edaz y Echarri, en el filme dirigido por Marcos Carnevale, act\u00faan Sebasti\u00e1n Wainraich y Mariana Secco.<\/p>\n<p><iframe loading=\"lazy\" src=\"https:\/\/www.youtube.com\/embed\/8ab1_kKyRrU\" width=\"560\" height=\"315\" frameborder=\"0\" allowfullscreen=\"allowfullscreen\"><\/iframe><\/p>\n","protected":false},"excerpt":{"rendered":"<p>No soy tu mami, la pel\u00edcula protagonizada por Julieta D\u00edaz y Pablo Echarri llegar\u00e1 a los cines el pr\u00f3ximo 27 de junio y su tr\u00e1iler ya da vueltas por las redes. El filme cuestiona los mandatos impuestos sobre la maternidad y sobre las mujeres con un tono cr\u00edtico pero humor\u00edstico. Adem\u00e1s de D\u00edaz y Echarri, [&hellip;]<\/p>\n","protected":false},"author":1,"featured_media":64283,"comment_status":"closed","ping_status":"closed","sticky":false,"template":"","format":"standard","meta":{"_seopress_robots_primary_cat":"","_seopress_titles_title":"","_seopress_titles_desc":"","_seopress_robots_index":"","footnotes":""},"categories":[3],"tags":[23880,23879,23878],"class_list":{"0":"post-64282","1":"post","2":"type-post","3":"status-publish","4":"format-standard","5":"has-post-thumbnail","7":"category-cine-y-series","8":"tag-julieta-diaz-y-pablo-echarri","9":"tag-no-soy-tu-mami-la-pelicula-de-julieta-diaz-y-pablo-echarri","10":"tag-trailer-de-no-soy-tu-mami"},"_links":{"self":[{"href":"https:\/\/www.cordobatimes.com\/showup\/wp-json\/wp\/v2\/posts\/64282","targetHints":{"allow":["GET"]}}],"collection":[{"href":"https:\/\/www.cordobatimes.com\/showup\/wp-json\/wp\/v2\/posts"}],"about":[{"href":"https:\/\/www.cordobatimes.com\/showup\/wp-json\/wp\/v2\/types\/post"}],"author":[{"embeddable":true,"href":"https:\/\/www.cordobatimes.com\/showup\/wp-json\/wp\/v2\/users\/1"}],"replies":[{"embeddable":true,"href":"https:\/\/www.cordobatimes.com\/showup\/wp-json\/wp\/v2\/comments?post=64282"}],"version-history":[{"count":0,"href":"https:\/\/www.cordobatimes.com\/showup\/wp-json\/wp\/v2\/posts\/64282\/revisions"}],"wp:featuredmedia":[{"embeddable":true,"href":"https:\/\/www.cordobatimes.com\/showup\/wp-json\/wp\/v2\/media\/64283"}],"wp:attachment":[{"href":"https:\/\/www.cordobatimes.com\/showup\/wp-json\/wp\/v2\/media?parent=64282"}],"wp:term":[{"taxonomy":"category","embeddable":true,"href":"https:\/\/www.cordobatimes.com\/showup\/wp-json\/wp\/v2\/categories?post=64282"},{"taxonomy":"post_tag","embeddable":true,"href":"https:\/\/www.cordobatimes.com\/showup\/wp-json\/wp\/v2\/tags?post=64282"}],"curies":[{"name":"wp","href":"https:\/\/api.w.org\/{rel}","templated":true}]}}