{"id":64249,"date":"2019-05-29T18:17:58","date_gmt":"2019-05-29T21:17:58","guid":{"rendered":"https:\/\/www.cordobatimes.com\/showup\/?p=64249"},"modified":"2019-05-29T18:20:34","modified_gmt":"2019-05-29T21:20:34","slug":"llega-sebastian-yatra-a-cordoba-en-octubre","status":"publish","type":"post","link":"https:\/\/www.cordobatimes.com\/showup\/musica\/2019\/05\/29\/llega-sebastian-yatra-a-cordoba-en-octubre\/","title":{"rendered":"Llega Sebasti\u00e1n Yatra a C\u00f3rdoba en octubre"},"content":{"rendered":"<h3><strong>Este Jueves comienza la venta de entradas.<\/strong><\/h3>\n<p>De acuerdo a lo informado por el sello Universal, Sebastian Yatra actuar\u00e1 en C\u00f3rdoba el pr\u00f3ximo s\u00e1bado 5 de octubre. En rigor, el cantante colombiano se presentar\u00e1 en el Orfeo Superdomo, y en el marco de una gira en la que presentar\u00e1 su disco Fantas\u00eda. <\/p>\n<p>Siempre de acuerdo a esa multinacional, las entradas se pondr\u00e1n a la venta ma\u00f1ana. <\/p>\n<p><img alt=\"\" loading=\"lazy\" decoding=\"async\" src=\"https:\/\/www.cordobatimes.com\/showup\/wp-content\/uploads\/2019\/05\/WhatsApp_Image_2019-05-29_at_3.02.18_PM_1559153286.jpeg\" alt=\"\" width=\"1280\" height=\"789\" class=\"alignnone size-full wp-image-64251\" srcset=\"https:\/\/www.cordobatimes.com\/showup\/wp-content\/uploads\/2019\/05\/WhatsApp_Image_2019-05-29_at_3.02.18_PM_1559153286.jpeg 1280w, https:\/\/www.cordobatimes.com\/showup\/wp-content\/uploads\/2019\/05\/WhatsApp_Image_2019-05-29_at_3.02.18_PM_1559153286-681x420.jpeg 681w, https:\/\/www.cordobatimes.com\/showup\/wp-content\/uploads\/2019\/05\/WhatsApp_Image_2019-05-29_at_3.02.18_PM_1559153286-768x473.jpeg 768w, https:\/\/www.cordobatimes.com\/showup\/wp-content\/uploads\/2019\/05\/WhatsApp_Image_2019-05-29_at_3.02.18_PM_1559153286-1024x631.jpeg 1024w, https:\/\/www.cordobatimes.com\/showup\/wp-content\/uploads\/2019\/05\/WhatsApp_Image_2019-05-29_at_3.02.18_PM_1559153286-356x220.jpeg 356w, https:\/\/www.cordobatimes.com\/showup\/wp-content\/uploads\/2019\/05\/WhatsApp_Image_2019-05-29_at_3.02.18_PM_1559153286-696x429.jpeg 696w, https:\/\/www.cordobatimes.com\/showup\/wp-content\/uploads\/2019\/05\/WhatsApp_Image_2019-05-29_at_3.02.18_PM_1559153286-1068x658.jpeg 1068w\" sizes=\"auto, (max-width: 1280px) 100vw, 1280px\" \/><\/p>\n<p>\u201cEl cantante y compositor colombiano Sebasti\u00e1n Yatra contin\u00faa con enorme suceso su gira internacional. Yatra acaba de tener su primer sold out en el m\u00edtico Auditorio Nacional de la ciudad de M\u00e9xico, donde 10 mil personas cantaron y bailaron del primero al \u00faltimo tema. El artista contin\u00faa su paseo triunfal con una serie de shows por el interior de M\u00e9xico y volver\u00e1 al Auditorio Nacional el 16 de junio pr\u00f3ximo\u201d, dice el comunicado oficial de Universal.<\/p>\n<p>\u201cSebasti\u00e1n Yatra lanz\u00f3 recientemente su nuevo disco de estudio Fantas\u00eda, que debut\u00f3 #1 en las listas de Billboard Latin Pop y fue certificado Oro en los Estados Unidos. Todos los singles extra\u00eddos del disco han sido hits: Un a\u00f1o, Cristina y En guerra, acumulando m\u00e1s de dos billones de streams\u201d, a\u00f1ade.  <\/p>\n<p>Las nominaciones a los Grammy, r\u00e9cords de p\u00fablico en los conciertos y millones de streams y vistas a sus videos han posicionado a Yatra como uno de los artistas latinos m\u00e1s importantes e influyentes del momento. <\/p>\n","protected":false},"excerpt":{"rendered":"<p>Este Jueves comienza la venta de entradas. De acuerdo a lo informado por el sello Universal, Sebastian Yatra actuar\u00e1 en C\u00f3rdoba el pr\u00f3ximo s\u00e1bado 5 de octubre. En rigor, el cantante colombiano se presentar\u00e1 en el Orfeo Superdomo, y en el marco de una gira en la que presentar\u00e1 su disco Fantas\u00eda. Siempre de acuerdo [&hellip;]<\/p>\n","protected":false},"author":1,"featured_media":64250,"comment_status":"closed","ping_status":"closed","sticky":false,"template":"","format":"standard","meta":{"_seopress_robots_primary_cat":"","_seopress_titles_title":"","_seopress_titles_desc":"","_seopress_robots_index":"","footnotes":""},"categories":[5],"tags":[23872,23873],"class_list":{"0":"post-64249","1":"post","2":"type-post","3":"status-publish","4":"format-standard","5":"has-post-thumbnail","7":"category-musica","8":"tag-llega-sebastian-yatra-a-cordoba","9":"tag-sebastian-yatra-en-cordoba"},"_links":{"self":[{"href":"https:\/\/www.cordobatimes.com\/showup\/wp-json\/wp\/v2\/posts\/64249","targetHints":{"allow":["GET"]}}],"collection":[{"href":"https:\/\/www.cordobatimes.com\/showup\/wp-json\/wp\/v2\/posts"}],"about":[{"href":"https:\/\/www.cordobatimes.com\/showup\/wp-json\/wp\/v2\/types\/post"}],"author":[{"embeddable":true,"href":"https:\/\/www.cordobatimes.com\/showup\/wp-json\/wp\/v2\/users\/1"}],"replies":[{"embeddable":true,"href":"https:\/\/www.cordobatimes.com\/showup\/wp-json\/wp\/v2\/comments?post=64249"}],"version-history":[{"count":0,"href":"https:\/\/www.cordobatimes.com\/showup\/wp-json\/wp\/v2\/posts\/64249\/revisions"}],"wp:featuredmedia":[{"embeddable":true,"href":"https:\/\/www.cordobatimes.com\/showup\/wp-json\/wp\/v2\/media\/64250"}],"wp:attachment":[{"href":"https:\/\/www.cordobatimes.com\/showup\/wp-json\/wp\/v2\/media?parent=64249"}],"wp:term":[{"taxonomy":"category","embeddable":true,"href":"https:\/\/www.cordobatimes.com\/showup\/wp-json\/wp\/v2\/categories?post=64249"},{"taxonomy":"post_tag","embeddable":true,"href":"https:\/\/www.cordobatimes.com\/showup\/wp-json\/wp\/v2\/tags?post=64249"}],"curies":[{"name":"wp","href":"https:\/\/api.w.org\/{rel}","templated":true}]}}