{"id":64223,"date":"2019-05-28T09:57:53","date_gmt":"2019-05-28T12:57:53","guid":{"rendered":"https:\/\/www.cordobatimes.com\/showup\/?p=64223"},"modified":"2019-05-28T09:57:53","modified_gmt":"2019-05-28T12:57:53","slug":"don-osvaldo-suspende-su-gira-tras-la-operacion-de-pato-fontanet","status":"publish","type":"post","link":"https:\/\/www.cordobatimes.com\/showup\/musica\/2019\/05\/28\/don-osvaldo-suspende-su-gira-tras-la-operacion-de-pato-fontanet\/","title":{"rendered":"Don Osvaldo suspende su gira tras la operaci\u00f3n de Pato Fontanet"},"content":{"rendered":"<h3><strong>El grupo, que anunci\u00f3 este lunes la cancelaci\u00f3n de conciertos por el sur del pa\u00eds.\u00a0<\/strong><\/h3>\n<p>Don Osvaldo entrar\u00e1 en un parate obligado debido a una cirug\u00eda en las cuerdas vocales a la que deber\u00e1 ser sometido el cantante de la banda, Patricio Santos Fontanet.<\/p>\n<p>La noticia fue dada a conocer en la tarde de este lunes, a trav\u00e9s de un posteo en las redes sociales oficiales de la banda. El comunicado habla de \u201cuna afecci\u00f3n en las cuerdas vocales\u201d del cantante, que lo llevar\u00e1 a pasar por una \u201cpeque\u00f1a cirug\u00eda\u201d en las pr\u00f3ximas semanas.<\/p>\n<p>L\u00f3gicamente, durante el tiempo de recuperaci\u00f3n (que por el momento es incierto) la banda se ausentar\u00e1 de los escenarios, motivo por el cual tuvieron que suspender la gira por el Sur del pa\u00eds prevista para los pr\u00f3ximos meses.<\/p>\n<p>Igualmente, anunciaron que seguir\u00e1n trabajando en la preparaci\u00f3n del nuevo material de la banda, mientras que el regreso a la actividad ser\u00e1 anunciado en las mismas redes oficiales del grupo.<\/p>\n<blockquote class=\"twitter-tweet\">\n<p dir=\"ltr\" lang=\"und\"><a href=\"https:\/\/t.co\/oovbWi4ayF\">pic.twitter.com\/oovbWi4ayF<\/a><\/p>\n<p>\u2014 Don Osvaldo (@DonOsvaldoOf) <a href=\"https:\/\/twitter.com\/DonOsvaldoOf\/status\/1133111752533716993?ref_src=twsrc%5Etfw\">May 27, 2019<\/a><\/p><\/blockquote>\n<p><script async src=\"https:\/\/platform.twitter.com\/widgets.js\" charset=\"utf-8\"><\/script><\/p>\n","protected":false},"excerpt":{"rendered":"<p>El grupo, que anunci\u00f3 este lunes la cancelaci\u00f3n de conciertos por el sur del pa\u00eds.\u00a0 Don Osvaldo entrar\u00e1 en un parate obligado debido a una cirug\u00eda en las cuerdas vocales a la que deber\u00e1 ser sometido el cantante de la banda, Patricio Santos Fontanet. La noticia fue dada a conocer en la tarde de este [&hellip;]<\/p>\n","protected":false},"author":1,"featured_media":64224,"comment_status":"closed","ping_status":"closed","sticky":false,"template":"","format":"standard","meta":{"_seopress_robots_primary_cat":"","_seopress_titles_title":"","_seopress_titles_desc":"","_seopress_robots_index":"","footnotes":""},"categories":[5],"tags":[10547,23862,10119],"class_list":{"0":"post-64223","1":"post","2":"type-post","3":"status-publish","4":"format-standard","5":"has-post-thumbnail","7":"category-musica","8":"tag-don-osvaldo","9":"tag-operacion-de-pato-fontanet","10":"tag-patricio-santos-fontanet"},"_links":{"self":[{"href":"https:\/\/www.cordobatimes.com\/showup\/wp-json\/wp\/v2\/posts\/64223","targetHints":{"allow":["GET"]}}],"collection":[{"href":"https:\/\/www.cordobatimes.com\/showup\/wp-json\/wp\/v2\/posts"}],"about":[{"href":"https:\/\/www.cordobatimes.com\/showup\/wp-json\/wp\/v2\/types\/post"}],"author":[{"embeddable":true,"href":"https:\/\/www.cordobatimes.com\/showup\/wp-json\/wp\/v2\/users\/1"}],"replies":[{"embeddable":true,"href":"https:\/\/www.cordobatimes.com\/showup\/wp-json\/wp\/v2\/comments?post=64223"}],"version-history":[{"count":0,"href":"https:\/\/www.cordobatimes.com\/showup\/wp-json\/wp\/v2\/posts\/64223\/revisions"}],"wp:featuredmedia":[{"embeddable":true,"href":"https:\/\/www.cordobatimes.com\/showup\/wp-json\/wp\/v2\/media\/64224"}],"wp:attachment":[{"href":"https:\/\/www.cordobatimes.com\/showup\/wp-json\/wp\/v2\/media?parent=64223"}],"wp:term":[{"taxonomy":"category","embeddable":true,"href":"https:\/\/www.cordobatimes.com\/showup\/wp-json\/wp\/v2\/categories?post=64223"},{"taxonomy":"post_tag","embeddable":true,"href":"https:\/\/www.cordobatimes.com\/showup\/wp-json\/wp\/v2\/tags?post=64223"}],"curies":[{"name":"wp","href":"https:\/\/api.w.org\/{rel}","templated":true}]}}