{"id":64193,"date":"2019-05-27T13:29:35","date_gmt":"2019-05-27T16:29:35","guid":{"rendered":"https:\/\/www.cordobatimes.com\/showup\/?p=64193"},"modified":"2019-05-27T13:29:35","modified_gmt":"2019-05-27T16:29:35","slug":"como-seguiran-los-nocheros-tras-la-salida-de-mario-teruel","status":"publish","type":"post","link":"https:\/\/www.cordobatimes.com\/showup\/musica\/2019\/05\/27\/como-seguiran-los-nocheros-tras-la-salida-de-mario-teruel\/","title":{"rendered":"C\u00f3mo seguir\u00e1n Los Nocheros tras la salida de Mario Teruel"},"content":{"rendered":"<p>La decisi\u00f3n de Mario Teruel de dejar temporalmente su lugar en el grupo folcl\u00f3rico Los Nocheros \u2013debido a que su hijo Lautaro se encuentra detenido acusado de abuso sexual de una ni\u00f1a en reiteradas ocasiones\u2013 no detiene la marcha del conjunto, que est\u00e1 lanzando su nuevo disco, Sol nocturno.<\/p>\n<p>La agrupaci\u00f3n formada en Salta en 1986 est\u00e1 volviendo a bateas con un \u00e1lbum que interrumpe un silencio discogr\u00e1fico de seis a\u00f1os en relaci\u00f3n con su \u00faltimo disco de estudio,\u00a0Tr\u00edo, y de tres a\u00f1os tomando como referencia el compilado\u00a030 A\u00f1os.<\/p>\n<p>Sol nocturno\u00a0se publicar\u00e1 de manera f\u00edsica el 9 de agosto, pero desde el 17 de mayo pasado tuvo el primero de los cuatro adelantos en tiendas digitales con la edici\u00f3n de la balada que da nombre a la placa y que suma a la cantante salte\u00f1a Magdalena Soria, la chacarera\u00a0A tu encuentro\u00a0y la zamba\u00a0Coraz\u00f3n de luna.<\/p>\n<p>Los otros tres anticipos de\u00a0Sol nocturno\u00a0se conocer\u00e1n el 14 de junio, el 12 de julio y el 9 de agosto y en paralelo con esas novedades la agrupaci\u00f3n que actualmente mantiene en su formaci\u00f3n a Rub\u00e9n Ehizaguirre, Kike Teruel y \u00c1lvaro Teruel tiene tres recitales importantes.<\/p>\n<p>Sin Mario Teruel, que el s\u00e1bado tampoco estuvo presente en el concierto que Los Nocheros dieron en la ciudad boliviana de Cochabamba, la banda anuncia presentaciones en Teatro Radio City de Mar del Plata, el viernes 14 de junio; en el Auditorio \u00c1ngel Bustelo de Mendoza, el s\u00e1bado 27 de julio; y en el porte\u00f1o Teatro \u00d3pera el viernes 30 de agosto.<\/p>\n","protected":false},"excerpt":{"rendered":"<p>La decisi\u00f3n de Mario Teruel de dejar temporalmente su lugar en el grupo folcl\u00f3rico Los Nocheros \u2013debido a que su hijo Lautaro se encuentra detenido acusado de abuso sexual de una ni\u00f1a en reiteradas ocasiones\u2013 no detiene la marcha del conjunto, que est\u00e1 lanzando su nuevo disco, Sol nocturno. La agrupaci\u00f3n formada en Salta en [&hellip;]<\/p>\n","protected":false},"author":1,"featured_media":64194,"comment_status":"closed","ping_status":"closed","sticky":false,"template":"","format":"standard","meta":{"_seopress_robots_primary_cat":"","_seopress_titles_title":"","_seopress_titles_desc":"","_seopress_robots_index":"","footnotes":""},"categories":[5],"tags":[23854],"class_list":{"0":"post-64193","1":"post","2":"type-post","3":"status-publish","4":"format-standard","5":"has-post-thumbnail","7":"category-musica","8":"tag-los-nocheros-tras-la-salida-de-mario-teruel"},"_links":{"self":[{"href":"https:\/\/www.cordobatimes.com\/showup\/wp-json\/wp\/v2\/posts\/64193","targetHints":{"allow":["GET"]}}],"collection":[{"href":"https:\/\/www.cordobatimes.com\/showup\/wp-json\/wp\/v2\/posts"}],"about":[{"href":"https:\/\/www.cordobatimes.com\/showup\/wp-json\/wp\/v2\/types\/post"}],"author":[{"embeddable":true,"href":"https:\/\/www.cordobatimes.com\/showup\/wp-json\/wp\/v2\/users\/1"}],"replies":[{"embeddable":true,"href":"https:\/\/www.cordobatimes.com\/showup\/wp-json\/wp\/v2\/comments?post=64193"}],"version-history":[{"count":0,"href":"https:\/\/www.cordobatimes.com\/showup\/wp-json\/wp\/v2\/posts\/64193\/revisions"}],"wp:featuredmedia":[{"embeddable":true,"href":"https:\/\/www.cordobatimes.com\/showup\/wp-json\/wp\/v2\/media\/64194"}],"wp:attachment":[{"href":"https:\/\/www.cordobatimes.com\/showup\/wp-json\/wp\/v2\/media?parent=64193"}],"wp:term":[{"taxonomy":"category","embeddable":true,"href":"https:\/\/www.cordobatimes.com\/showup\/wp-json\/wp\/v2\/categories?post=64193"},{"taxonomy":"post_tag","embeddable":true,"href":"https:\/\/www.cordobatimes.com\/showup\/wp-json\/wp\/v2\/tags?post=64193"}],"curies":[{"name":"wp","href":"https:\/\/api.w.org\/{rel}","templated":true}]}}