{"id":64183,"date":"2019-05-27T10:37:22","date_gmt":"2019-05-27T13:37:22","guid":{"rendered":"https:\/\/www.cordobatimes.com\/showup\/?p=64183"},"modified":"2019-05-27T10:39:54","modified_gmt":"2019-05-27T13:39:54","slug":"despues-de-la-denuncia-contra-su-hijo-mario-teruel-se-aleja-de-los-nocheros","status":"publish","type":"post","link":"https:\/\/www.cordobatimes.com\/showup\/musica\/2019\/05\/27\/despues-de-la-denuncia-contra-su-hijo-mario-teruel-se-aleja-de-los-nocheros\/","title":{"rendered":"Despu\u00e9s de la denuncia contra su hijo, Mario Teruel se aleja de Los Nocheros"},"content":{"rendered":"<h3><strong>El cantante\u00a0 comunic\u00f3 la noticia a trav\u00e9s de su cuenta oficial de Facebook.<\/strong><\/h3>\n<p>Mario Teruel anunci\u00f3 a trav\u00e9s de su cuenta oficial de Facebook que, debido a la denuncia por violaci\u00f3n contra su hijo, se tomar\u00e1 un tiempo de Los Nocheros.<\/p>\n<p>El l\u00edder del grupo folcl\u00f3rico expres\u00f3 que se alejar\u00e1 temporalmente de la banda para acompa\u00f1ar a su hijo\u00a0Lautaro\u00a0en el procedimiento judicial que est\u00e1 por enfrentar, luego de ser detenido e imputado por violar a una ni\u00f1a de 6 a\u00f1os quien en la actualidad tiene 16.<\/p>\n<p>\u00abAnte los hechos que son de p\u00fablico conocimiento, he decidido tomarme un tiempo fuera de &#8216;Los Nocheros&#8217; para acompa\u00f1ar a mi hijo Lautaro en el proceso judicial que atraviesa\u00bb, fueron las palabras con las que Mario Teruel comenz\u00f3 el texto de Facebook.<\/p>\n<p>\u00abEsta situaci\u00f3n me genera una terrible angustia, sobre todo pensando en los momentos por los que est\u00e1 pasando la joven y me ha llevado a conversar con el grupo la necesidad de apartarme por un tiempo de los escenarios, para atravesar la situaci\u00f3n con total privacidad\u00bb, agreg\u00f3.<\/p>\n<p>Adem\u00e1s, se refiri\u00f3 al morbo alrededor del tema. \u00abA nivel humano, no puedo dejar de solidarizarme con el sufrimiento de las personas involucradas en el caso. Sin embargo, como padre, quiero repudiar los actos de quienes buscan lucrar o alentar al morbo ajeno a partir de esta terrible situaci\u00f3n\u00bb, indic\u00f3.<\/p>\n<p><iframe loading=\"lazy\" style=\"border: none; overflow: hidden;\" src=\"https:\/\/www.facebook.com\/plugins\/post.php?href=https%3A%2F%2Fwww.facebook.com%2Fmariorteruel%2Fposts%2F428001231370234&amp;width=500\" width=\"500\" height=\"306\" frameborder=\"0\" scrolling=\"no\"><\/iframe><\/p>\n","protected":false},"excerpt":{"rendered":"<p>El cantante\u00a0 comunic\u00f3 la noticia a trav\u00e9s de su cuenta oficial de Facebook. Mario Teruel anunci\u00f3 a trav\u00e9s de su cuenta oficial de Facebook que, debido a la denuncia por violaci\u00f3n contra su hijo, se tomar\u00e1 un tiempo de Los Nocheros. El l\u00edder del grupo folcl\u00f3rico expres\u00f3 que se alejar\u00e1 temporalmente de la banda para [&hellip;]<\/p>\n","protected":false},"author":1,"featured_media":64184,"comment_status":"closed","ping_status":"closed","sticky":false,"template":"","format":"standard","meta":{"_seopress_robots_primary_cat":"","_seopress_titles_title":"","_seopress_titles_desc":"","_seopress_robots_index":"","footnotes":""},"categories":[5],"tags":[23849,23848],"class_list":{"0":"post-64183","1":"post","2":"type-post","3":"status-publish","4":"format-standard","5":"has-post-thumbnail","7":"category-musica","8":"tag-lautaro-teruel","9":"tag-mario-teruel-se-aleja-de-los-nocheros"},"_links":{"self":[{"href":"https:\/\/www.cordobatimes.com\/showup\/wp-json\/wp\/v2\/posts\/64183","targetHints":{"allow":["GET"]}}],"collection":[{"href":"https:\/\/www.cordobatimes.com\/showup\/wp-json\/wp\/v2\/posts"}],"about":[{"href":"https:\/\/www.cordobatimes.com\/showup\/wp-json\/wp\/v2\/types\/post"}],"author":[{"embeddable":true,"href":"https:\/\/www.cordobatimes.com\/showup\/wp-json\/wp\/v2\/users\/1"}],"replies":[{"embeddable":true,"href":"https:\/\/www.cordobatimes.com\/showup\/wp-json\/wp\/v2\/comments?post=64183"}],"version-history":[{"count":0,"href":"https:\/\/www.cordobatimes.com\/showup\/wp-json\/wp\/v2\/posts\/64183\/revisions"}],"wp:featuredmedia":[{"embeddable":true,"href":"https:\/\/www.cordobatimes.com\/showup\/wp-json\/wp\/v2\/media\/64184"}],"wp:attachment":[{"href":"https:\/\/www.cordobatimes.com\/showup\/wp-json\/wp\/v2\/media?parent=64183"}],"wp:term":[{"taxonomy":"category","embeddable":true,"href":"https:\/\/www.cordobatimes.com\/showup\/wp-json\/wp\/v2\/categories?post=64183"},{"taxonomy":"post_tag","embeddable":true,"href":"https:\/\/www.cordobatimes.com\/showup\/wp-json\/wp\/v2\/tags?post=64183"}],"curies":[{"name":"wp","href":"https:\/\/api.w.org\/{rel}","templated":true}]}}