{"id":64167,"date":"2019-05-26T10:27:19","date_gmt":"2019-05-26T13:27:19","guid":{"rendered":"https:\/\/www.cordobatimes.com\/showup\/?p=64167"},"modified":"2019-05-26T10:27:19","modified_gmt":"2019-05-26T13:27:19","slug":"todos-los-ganadores-del-festival-de-cannes-2019","status":"publish","type":"post","link":"https:\/\/www.cordobatimes.com\/showup\/cine-y-series\/2019\/05\/26\/todos-los-ganadores-del-festival-de-cannes-2019\/","title":{"rendered":"Todos los ganadores del festival de Cannes 2019"},"content":{"rendered":"<p>Cannes\u00a0cerr\u00f3 su edici\u00f3n n\u00famero 72 con el triunfo de \u00abParasite\u00bb (\u00abPar\u00e1sito\u00bb). El filme de Bong Joon-ho recibi\u00f3 la Palma de Oro, mientras que el espa\u00f1ol Antonio Banderas gan\u00f3 el premio a la mejor interpretaci\u00f3n por \u00abDolor y gloria\u00bb.<\/p>\n<p>Antonio Banderas, que interpreta a un cineasta en su ocaso, le dedic\u00f3 el galard\u00f3n a Almod\u00f3var, \u00absu mentor\u00bb.\u00a0 Se trata del sexto int\u00e9rprete espa\u00f1ol recompensado en la historia del certamen.<\/p>\n<p>La actriz anglo-estadounidense Emily Beecham consigui\u00f3 la recompensa a la mejor interpretaci\u00f3n por su papel de una cient\u00edfica y madre divorciada, en \u00abLittle Joe\u00bb, de Jessica Hausner.<\/p>\n<p><iframe loading=\"lazy\" src=\"https:\/\/www.youtube.com\/embed\/DIgU3jKy6_U\" width=\"560\" height=\"315\" frameborder=\"0\" allowfullscreen=\"allowfullscreen\"><\/iframe><\/p>\n<p>El Gran Premio fue para la francosenegalesa Mati Diop, la primera mujer negra africana en competir por la Palma de Oro, por su filme \u00abAtl\u00e1ntico\u00bb, una cr\u00f3nica social que aborda el tema de los migrantes desde el punto de vista de los que se quedan en el pa\u00eds.<\/p>\n<p>La pel\u00edcula brasile\u00f1a \u00abBacurau\u00bb, dirigida por Kleber Mendon\u00e7a Filho y Juliano Dornelles, recibi\u00f3 por su parte el Premio del Jurado, &#8216;ex aequo&#8217; con la francesa \u00abLos miserables\u00bb.<\/p>\n<p>\u00abBacurau\u00bb narra la historia de un pueblo aut\u00f3ctono de Brasil acechado por un grupo de asesinos estadounidenses, que sus directores ven como un mensaje de \u00abresistencia\u00bb frente al gobierno ultraderechista de su pa\u00eds.<\/p>\n<p><iframe loading=\"lazy\" src=\"https:\/\/www.youtube.com\/embed\/KDAgxAmtr5U\" width=\"560\" height=\"315\" frameborder=\"0\" allowfullscreen=\"allowfullscreen\"><\/iframe><\/p>\n<p>\u00abTrabajamos para la cultura en Brasil y lo que necesitamos es su apoyo\u00bb, dijo al recibir el premio Mendon\u00e7a.<\/p>\n<p>Los hermanos Dardenne, grandes asiduos del certamen, consiguieron por su parte el premio a la mejor direcci\u00f3n por \u00abEl joven Ahmed\u00bb, sobre la radicalizaci\u00f3n islamista de un adolescente.<\/p>\n<p><iframe loading=\"lazy\" src=\"https:\/\/www.youtube.com\/embed\/mwu1HpJ13bE\" width=\"560\" height=\"315\" frameborder=\"0\" allowfullscreen=\"allowfullscreen\"><\/iframe><\/p>\n<p>&nbsp;<\/p>\n<h3><strong>A continuaci\u00f3n, todos los premiados de la 72\u00aa edici\u00f3n:<\/strong><\/h3>\n<p>&#8211; Palma de Oro: \u00abParasite\u00bb, del surcoreano Bong Joon-ho<\/p>\n<p>&#8211; Gran Premio: \u00abAtl\u00e1ntico\u00bb, de la francosenegalesa Mati Diop<\/p>\n<p>&#8211; Premio del Jurado: ex aequo \u00abLos miserables\u00bb, del franc\u00e9s Ladj Ly y \u00abBacurau\u00bb, de los brasile\u00f1os Kleber Mendon\u00e7a Filho y Juliano Dornelles<\/p>\n<p>&#8211; Mejor Direcci\u00f3n: Los belgas Jean-Pierre y Luc Dardenne, por \u00abEl joven Ahmed\u00bb<\/p>\n<p>&#8211; Mejor Gui\u00f3n: \u00abRetrato de la joven en llamas\u00bb, de la francesa C\u00e9line Sciamma<\/p>\n<p>&#8211; Mejor Actriz: La angloestadounidense Emily Beecham, por \u00abLittle Joe\u00bb<\/p>\n<p>&#8211; Mejor Actor: El espa\u00f1ol Antonio Banderas, por \u00abDolor y gloria\u00bb<\/p>\n<p>&#8211; Menci\u00f3n especial: \u00abIt must be heaven\u00bb, del palestino Elia Suleiman<\/p>\n<p>&#8211; C\u00e1mara de Oro: \u00abNuestras madres\u00bb, del guatemalteco C\u00e9sar D\u00edaz<\/p>\n<p>&#8211; Palma de Oro al cortometraje: \u00abThe distance between us and the sky\u00bb, del griego Vasilis Kekatos<\/p>\n<p>&#8211; Menci\u00f3n especial al cortometraje: \u00abMonstruo Dios\u00bb, de la argentina Agustina San Mart\u00edn<\/p>\n","protected":false},"excerpt":{"rendered":"<p>Cannes\u00a0cerr\u00f3 su edici\u00f3n n\u00famero 72 con el triunfo de \u00abParasite\u00bb (\u00abPar\u00e1sito\u00bb). El filme de Bong Joon-ho recibi\u00f3 la Palma de Oro, mientras que el espa\u00f1ol Antonio Banderas gan\u00f3 el premio a la mejor interpretaci\u00f3n por \u00abDolor y gloria\u00bb. Antonio Banderas, que interpreta a un cineasta en su ocaso, le dedic\u00f3 el galard\u00f3n a Almod\u00f3var, \u00absu [&hellip;]<\/p>\n","protected":false},"author":1,"featured_media":64169,"comment_status":"closed","ping_status":"closed","sticky":false,"template":"","format":"standard","meta":{"_seopress_robots_primary_cat":"","_seopress_titles_title":"","_seopress_titles_desc":"","_seopress_robots_index":"","footnotes":""},"categories":[3],"tags":[23843,23841,23842],"class_list":{"0":"post-64167","1":"post","2":"type-post","3":"status-publish","4":"format-standard","5":"has-post-thumbnail","7":"category-cine-y-series","8":"tag-cannes-2019","9":"tag-festival-de-cannes-2019","10":"tag-ganadores-del-festival-de-cannes-2019"},"_links":{"self":[{"href":"https:\/\/www.cordobatimes.com\/showup\/wp-json\/wp\/v2\/posts\/64167","targetHints":{"allow":["GET"]}}],"collection":[{"href":"https:\/\/www.cordobatimes.com\/showup\/wp-json\/wp\/v2\/posts"}],"about":[{"href":"https:\/\/www.cordobatimes.com\/showup\/wp-json\/wp\/v2\/types\/post"}],"author":[{"embeddable":true,"href":"https:\/\/www.cordobatimes.com\/showup\/wp-json\/wp\/v2\/users\/1"}],"replies":[{"embeddable":true,"href":"https:\/\/www.cordobatimes.com\/showup\/wp-json\/wp\/v2\/comments?post=64167"}],"version-history":[{"count":0,"href":"https:\/\/www.cordobatimes.com\/showup\/wp-json\/wp\/v2\/posts\/64167\/revisions"}],"wp:featuredmedia":[{"embeddable":true,"href":"https:\/\/www.cordobatimes.com\/showup\/wp-json\/wp\/v2\/media\/64169"}],"wp:attachment":[{"href":"https:\/\/www.cordobatimes.com\/showup\/wp-json\/wp\/v2\/media?parent=64167"}],"wp:term":[{"taxonomy":"category","embeddable":true,"href":"https:\/\/www.cordobatimes.com\/showup\/wp-json\/wp\/v2\/categories?post=64167"},{"taxonomy":"post_tag","embeddable":true,"href":"https:\/\/www.cordobatimes.com\/showup\/wp-json\/wp\/v2\/tags?post=64167"}],"curies":[{"name":"wp","href":"https:\/\/api.w.org\/{rel}","templated":true}]}}