{"id":6412,"date":"2013-12-24T13:04:54","date_gmt":"2013-12-24T16:04:54","guid":{"rendered":"http:\/\/cordobatimes.com\/showup\/?p=6412"},"modified":"2019-12-01T10:27:22","modified_gmt":"2019-12-01T13:27:22","slug":"benjamin-vicuna-recordo-a-su-hija-foto","status":"publish","type":"post","link":"https:\/\/www.cordobatimes.com\/showup\/famosos\/2013\/12\/24\/benjamin-vicuna-recordo-a-su-hija-foto\/","title":{"rendered":"Benjam\u00edn Vicu\u00f1a record\u00f3 a su hija (foto)"},"content":{"rendered":"<h3 style=\"text-align: justify;\"><strong>Benjam\u00edn Vicu\u00f1a record\u00f3 a su hija.El actor chileno subi\u00f3 una foto de Blanca.<\/strong><\/h3>\n<p style=\"text-align: justify;\">\u201cSigues aqu\u00ed,mi ni\u00f1a linda,en nuestros secretos\u201d.As\u00ed se expres\u00f3 el actor chileno en su cuenta de Twitter.A horas de recibir la navidad,Vicu\u00f1a record\u00f3 a su hija Blanca,fallecida el 8 de septiembre de 2012.<\/p>\n<p style=\"text-align: justify;\">\u201cTu Blanca luz ilumina nuestro paisaje.Creo en ti,creo en Dios\u201d agreg\u00f3 el actor.<\/p>\n<figure id=\"attachment_6416\" aria-describedby=\"caption-attachment-6416\" style=\"width: 650px\" class=\"wp-caption aligncenter\"><a href=\"http:\/\/cordobatimes.com\/showup\/wp-content\/uploads\/2013\/12\/97691_113616_650x420.jpg\"><img loading=\"lazy\" decoding=\"async\" class=\"size-full wp-image-6416 \" src=\"http:\/\/cordobatimes.com\/showup\/wp-content\/uploads\/2013\/12\/97691_113616_650x420.jpg\" alt=\"97691_113616_650x420\" width=\"650\" height=\"420\" data-id=\"6416\" srcset=\"https:\/\/www.cordobatimes.com\/showup\/wp-content\/uploads\/2013\/12\/97691_113616_650x420.jpg 650w, https:\/\/www.cordobatimes.com\/showup\/wp-content\/uploads\/2013\/12\/97691_113616_650x420-300x194.jpg 300w, https:\/\/www.cordobatimes.com\/showup\/wp-content\/uploads\/2013\/12\/97691_113616_650x420-620x400.jpg 620w, https:\/\/www.cordobatimes.com\/showup\/wp-content\/uploads\/2013\/12\/97691_113616_650x420-85x54.jpg 85w\" sizes=\"auto, (max-width: 650px) 100vw, 650px\" \/><\/a><figcaption id=\"caption-attachment-6416\" class=\"wp-caption-text\">Foto que comparti\u00f3 con su hija en Twitter<\/figcaption><\/figure>\n<p>&nbsp;<\/p>\n","protected":false},"excerpt":{"rendered":"<p>Benjam\u00edn Vicu\u00f1a record\u00f3 a su hija.El actor chileno subi\u00f3 una foto de Blanca. \u201cSigues aqu\u00ed,mi ni\u00f1a linda,en nuestros secretos\u201d.As\u00ed se expres\u00f3 el actor chileno en su cuenta de Twitter.A horas de recibir la navidad,Vicu\u00f1a record\u00f3 a su hija Blanca,fallecida el 8 de septiembre de 2012. \u201cTu Blanca luz ilumina nuestro paisaje.Creo en ti,creo en Dios\u201d [&hellip;]<\/p>\n","protected":false},"author":1,"featured_media":6415,"comment_status":"closed","ping_status":"closed","sticky":false,"template":"","format":"standard","meta":{"_seopress_robots_primary_cat":"","_seopress_titles_title":"","_seopress_titles_desc":"","_seopress_robots_index":"","footnotes":""},"categories":[4],"tags":[26395,24884,24883,24885],"class_list":{"0":"post-6412","1":"post","2":"type-post","3":"status-publish","4":"format-standard","5":"has-post-thumbnail","7":"category-famosos","8":"tag-benjamin-vicuna-blanca-vicuna","9":"tag-benjamin-vicuna-hija","10":"tag-benjamin-vicuna-y-blanca","11":"tag-blanca-vicuna-fotos"},"_links":{"self":[{"href":"https:\/\/www.cordobatimes.com\/showup\/wp-json\/wp\/v2\/posts\/6412","targetHints":{"allow":["GET"]}}],"collection":[{"href":"https:\/\/www.cordobatimes.com\/showup\/wp-json\/wp\/v2\/posts"}],"about":[{"href":"https:\/\/www.cordobatimes.com\/showup\/wp-json\/wp\/v2\/types\/post"}],"author":[{"embeddable":true,"href":"https:\/\/www.cordobatimes.com\/showup\/wp-json\/wp\/v2\/users\/1"}],"replies":[{"embeddable":true,"href":"https:\/\/www.cordobatimes.com\/showup\/wp-json\/wp\/v2\/comments?post=6412"}],"version-history":[{"count":0,"href":"https:\/\/www.cordobatimes.com\/showup\/wp-json\/wp\/v2\/posts\/6412\/revisions"}],"wp:featuredmedia":[{"embeddable":true,"href":"https:\/\/www.cordobatimes.com\/showup\/wp-json\/wp\/v2\/media\/6415"}],"wp:attachment":[{"href":"https:\/\/www.cordobatimes.com\/showup\/wp-json\/wp\/v2\/media?parent=6412"}],"wp:term":[{"taxonomy":"category","embeddable":true,"href":"https:\/\/www.cordobatimes.com\/showup\/wp-json\/wp\/v2\/categories?post=6412"},{"taxonomy":"post_tag","embeddable":true,"href":"https:\/\/www.cordobatimes.com\/showup\/wp-json\/wp\/v2\/tags?post=6412"}],"curies":[{"name":"wp","href":"https:\/\/api.w.org\/{rel}","templated":true}]}}