{"id":64110,"date":"2019-05-24T10:37:59","date_gmt":"2019-05-24T13:37:59","guid":{"rendered":"https:\/\/www.cordobatimes.com\/showup\/?p=64110"},"modified":"2019-05-24T10:37:59","modified_gmt":"2019-05-24T13:37:59","slug":"adam-lambert-descarta-la-posibilidad-de-grabar-un-disco-con-queen","status":"publish","type":"post","link":"https:\/\/www.cordobatimes.com\/showup\/musica\/2019\/05\/24\/adam-lambert-descarta-la-posibilidad-de-grabar-un-disco-con-queen\/","title":{"rendered":"Adam Lambert descarta la posibilidad de grabar un disco con Queen"},"content":{"rendered":"<h3><strong>El cantante invitado con el que la banda gira por el mundo dice que \u00abQueen es Freddie Mercury\u00bb<\/strong><\/h3>\n<p>Con el fen\u00f3meno mundial de la pel\u00edcula Bohemian Rhapsody, las especulaciones acerca de un nuevo disco de la banda Queen circularon fuerte. <\/p>\n<p>Pero Adam Lambert, cantante invitado con el que el grupo gira por el mundo (ya visitaron C\u00f3rdoba en 2015), afirm\u00f3 en una entrevista al canal Hunger que no tiene planes para grabar un nuevo \u00e1lbum con los Queen. Y, a pesar de ser el vocalista de la banda brit\u00e1nica desde 2011, Lambert se niega a considerar la hip\u00f3tesis. \u00abLa gente siempre me pregunta si queremos grabar juntos, y no estoy seguro de que eso tenga sentido, no ser\u00eda Queen, para m\u00ed, Queen es Freddie Mercury\u00bb, explic\u00f3.<\/p>\n<p>M\u00e1s all\u00e1 de considerar absurdo grabar, Lambert no reniega del buen momento que pasa junto a los integrantes del grupo: \u00abLo que m\u00e1s me gusta es colaborar, dar estos conciertos juntos, crear en el escenario, es muy entusiasta y gratificante\u00bb.<\/p>\n<p>\u00abEs una de las bandas cuyas canciones son tan ic\u00f3nicas que pueden no saber nada sobre ellos, pero conocen la canci\u00f3n\u00bb, agreg\u00f3 sobre la importancia de Queen en la m\u00fasica.<\/p>\n","protected":false},"excerpt":{"rendered":"<p>El cantante invitado con el que la banda gira por el mundo dice que \u00abQueen es Freddie Mercury\u00bb Con el fen\u00f3meno mundial de la pel\u00edcula Bohemian Rhapsody, las especulaciones acerca de un nuevo disco de la banda Queen circularon fuerte. Pero Adam Lambert, cantante invitado con el que el grupo gira por el mundo (ya [&hellip;]<\/p>\n","protected":false},"author":1,"featured_media":64111,"comment_status":"closed","ping_status":"closed","sticky":false,"template":"","format":"standard","meta":{"_seopress_robots_primary_cat":"","_seopress_titles_title":"","_seopress_titles_desc":"","_seopress_robots_index":"","footnotes":""},"categories":[5],"tags":[4954,1242,1243],"class_list":{"0":"post-64110","1":"post","2":"type-post","3":"status-publish","4":"format-standard","5":"has-post-thumbnail","7":"category-musica","8":"tag-adam-lambert","9":"tag-freddie-mercury","10":"tag-queen"},"_links":{"self":[{"href":"https:\/\/www.cordobatimes.com\/showup\/wp-json\/wp\/v2\/posts\/64110","targetHints":{"allow":["GET"]}}],"collection":[{"href":"https:\/\/www.cordobatimes.com\/showup\/wp-json\/wp\/v2\/posts"}],"about":[{"href":"https:\/\/www.cordobatimes.com\/showup\/wp-json\/wp\/v2\/types\/post"}],"author":[{"embeddable":true,"href":"https:\/\/www.cordobatimes.com\/showup\/wp-json\/wp\/v2\/users\/1"}],"replies":[{"embeddable":true,"href":"https:\/\/www.cordobatimes.com\/showup\/wp-json\/wp\/v2\/comments?post=64110"}],"version-history":[{"count":0,"href":"https:\/\/www.cordobatimes.com\/showup\/wp-json\/wp\/v2\/posts\/64110\/revisions"}],"wp:featuredmedia":[{"embeddable":true,"href":"https:\/\/www.cordobatimes.com\/showup\/wp-json\/wp\/v2\/media\/64111"}],"wp:attachment":[{"href":"https:\/\/www.cordobatimes.com\/showup\/wp-json\/wp\/v2\/media?parent=64110"}],"wp:term":[{"taxonomy":"category","embeddable":true,"href":"https:\/\/www.cordobatimes.com\/showup\/wp-json\/wp\/v2\/categories?post=64110"},{"taxonomy":"post_tag","embeddable":true,"href":"https:\/\/www.cordobatimes.com\/showup\/wp-json\/wp\/v2\/tags?post=64110"}],"curies":[{"name":"wp","href":"https:\/\/api.w.org\/{rel}","templated":true}]}}