{"id":64104,"date":"2019-05-24T09:38:31","date_gmt":"2019-05-24T12:38:31","guid":{"rendered":"https:\/\/www.cordobatimes.com\/showup\/?p=64104"},"modified":"2019-05-24T09:38:40","modified_gmt":"2019-05-24T12:38:40","slug":"netflix-lanzo-un-nuevo-adelanto-de-la-casa-de-papel-3","status":"publish","type":"post","link":"https:\/\/www.cordobatimes.com\/showup\/cine-y-series\/2019\/05\/24\/netflix-lanzo-un-nuevo-adelanto-de-la-casa-de-papel-3\/","title":{"rendered":"Netflix lanz\u00f3 un nuevo adelanto de La Casa de Papel 3"},"content":{"rendered":"<h3><strong>La tercera temporada llegar\u00e1 el pr\u00f3ximo 19 de julio. <\/strong><\/h3>\n<p>Netflix confirm\u00f3 que este a\u00f1o se estrenar\u00e1 la tercer temporada de \u201cLa Casa de Papel\u201d, serie de enorme \u00e9xito en la Argentina y el mundo.<\/p>\n<p>Seg\u00fan la plataforma, se ha transformado en la serie de habla no inglesa m\u00e1s vista de la historia de Netflix. Por ese motivo, millones de fan\u00e1ticos est\u00e1n ansiosos porque llegue el 19 de julio, fecha en la que saldr\u00e1 a la luz.<\/p>\n<p>En este adelanto, quien aparece en escena es \u201cEl Profesor\u201d (\u00c1lvaro Morte), para darles un mensaje a todos aquellos \u201cque saben identificar a la Resistencia\u201d.<\/p>\n<p>\u201cLa polic\u00eda ha detenido a uno de los nuestros y lo tienen en un paradero desconocido. No ten\u00edamos la intenci\u00f3n de volver, pero ante esta situaci\u00f3n, nos vimos obligados a reaccionar\u201c, expresa el personaje.<\/p>\n<p><iframe loading=\"lazy\" width=\"560\" height=\"315\" src=\"https:\/\/www.youtube.com\/embed\/uxcuEehmPB4\" frameborder=\"0\" allow=\"accelerometer; autoplay; encrypted-media; gyroscope; picture-in-picture\" allowfullscreen><\/iframe><\/p>\n","protected":false},"excerpt":{"rendered":"<p>La tercera temporada llegar\u00e1 el pr\u00f3ximo 19 de julio. Netflix confirm\u00f3 que este a\u00f1o se estrenar\u00e1 la tercer temporada de \u201cLa Casa de Papel\u201d, serie de enorme \u00e9xito en la Argentina y el mundo. Seg\u00fan la plataforma, se ha transformado en la serie de habla no inglesa m\u00e1s vista de la historia de Netflix. Por [&hellip;]<\/p>\n","protected":false},"author":1,"featured_media":64105,"comment_status":"closed","ping_status":"closed","sticky":false,"template":"","format":"standard","meta":{"_seopress_robots_primary_cat":"","_seopress_titles_title":"","_seopress_titles_desc":"","_seopress_robots_index":"","footnotes":""},"categories":[3],"tags":[23823,23038],"class_list":{"0":"post-64104","1":"post","2":"type-post","3":"status-publish","4":"format-standard","5":"has-post-thumbnail","7":"category-cine-y-series","8":"tag-adelanto-de-la-casa-de-papel-3","9":"tag-la-casa-de-papel-3"},"_links":{"self":[{"href":"https:\/\/www.cordobatimes.com\/showup\/wp-json\/wp\/v2\/posts\/64104","targetHints":{"allow":["GET"]}}],"collection":[{"href":"https:\/\/www.cordobatimes.com\/showup\/wp-json\/wp\/v2\/posts"}],"about":[{"href":"https:\/\/www.cordobatimes.com\/showup\/wp-json\/wp\/v2\/types\/post"}],"author":[{"embeddable":true,"href":"https:\/\/www.cordobatimes.com\/showup\/wp-json\/wp\/v2\/users\/1"}],"replies":[{"embeddable":true,"href":"https:\/\/www.cordobatimes.com\/showup\/wp-json\/wp\/v2\/comments?post=64104"}],"version-history":[{"count":0,"href":"https:\/\/www.cordobatimes.com\/showup\/wp-json\/wp\/v2\/posts\/64104\/revisions"}],"wp:featuredmedia":[{"embeddable":true,"href":"https:\/\/www.cordobatimes.com\/showup\/wp-json\/wp\/v2\/media\/64105"}],"wp:attachment":[{"href":"https:\/\/www.cordobatimes.com\/showup\/wp-json\/wp\/v2\/media?parent=64104"}],"wp:term":[{"taxonomy":"category","embeddable":true,"href":"https:\/\/www.cordobatimes.com\/showup\/wp-json\/wp\/v2\/categories?post=64104"},{"taxonomy":"post_tag","embeddable":true,"href":"https:\/\/www.cordobatimes.com\/showup\/wp-json\/wp\/v2\/tags?post=64104"}],"curies":[{"name":"wp","href":"https:\/\/api.w.org\/{rel}","templated":true}]}}