{"id":64091,"date":"2019-05-23T11:32:55","date_gmt":"2019-05-23T14:32:55","guid":{"rendered":"https:\/\/www.cordobatimes.com\/showup\/?p=64091"},"modified":"2019-05-23T11:32:55","modified_gmt":"2019-05-23T14:32:55","slug":"el-senado-aprobo-el-cupo-femenino-en-la-musica","status":"publish","type":"post","link":"https:\/\/www.cordobatimes.com\/showup\/musica\/2019\/05\/23\/el-senado-aprobo-el-cupo-femenino-en-la-musica\/","title":{"rendered":"El Senado aprob\u00f3 el cupo femenino en la m\u00fasica"},"content":{"rendered":"<h3><strong>La C\u00e1mara Alta firm\u00f3 un dictamen a favor del cupo femenino para que las mujeres participen de recitales de m\u00fasica.<\/strong><\/h3>\n<p>Un proyecto de ley que fija un cupo femenino del 30 por ciento para que las mujeres tengan un espacio garantizado de participaci\u00f3n en acontecimientos musicales en vivo en la Argentina, recibi\u00f3 este Mi\u00e9rcoles\u00a0 dictamen favorable en un plenario de comisiones del Senado.<\/p>\n<p>La iniciativa de la senadora del kirchnerismo Anabel Fern\u00e1ndez Sagasti recibi\u00f3 el apoyo de sus pares de Cambiemos y del peronismo.<\/p>\n<p>Fern\u00e1ndez Sagasti valor\u00f3 el apoyo recibido de todos los bloques, afirm\u00f3 que el cupo del 30 por ciento busca que \u00ablas mujeres m\u00fasicas puedan tener la posibilidad de ser escuchadas\u00bb y consider\u00f3 que se trata de \u00abun avance en nuestra igualdad y nuestros derechos\u00bb.<\/p>\n<p>\u00abSer\u00eda bueno que todas nos comprometamos con esta causa, en cada provincia y que nosotras mismas apoyemos la m\u00fasica que hacen las mujeres\u00bb, se explay\u00f3.<\/p>\n<p>La senadora de Cambiemos, In\u00e9s Brizuela, calific\u00f3 a la iniciativa como \u00abuna medida de acci\u00f3n positiva que nos va a ayudar a eliminar estas desigualdades que existen en todos los \u00e1mbitos en los que nos toca actuar a las mujeres\u00bb.<\/p>\n<p>La presidenta de la Banca de la Mujer del Senado, Norma Durango, tambi\u00e9n valor\u00f3 la propuesta y manifest\u00f3 el repudio de esa bancada al organizador del Cosqu\u00edn Rock, Jos\u00e9 Palazzo, por \u00abmanifestaciones mis\u00f3ginas\u00bb en torno de la norma aprobada este Mi\u00e9rcoles<\/p>\n<p>Palazzo hab\u00eda cuestionado el proyecto apoyado por m\u00fasicas argentinas por considerar que \u00abno hay suficientes mujeres con talento\u00bb como para cubrir ese cupo.<\/p>\n<p>\u00abSi yo tuviera que poner el 30 por ciento tal vez no lo podr\u00eda llenar con artistas talentosas y tendr\u00eda que llenarlo por cumplir ese cupo; esas artistas no estar\u00edan a la altura del festival y tendr\u00eda que dejar afuera a otro tipo de talentos\u00bb, agreg\u00f3.<\/p>\n<p><img alt=\"\" loading=\"lazy\" decoding=\"async\" class=\"alignnone size-full wp-image-64093\" src=\"https:\/\/www.cordobatimes.com\/showup\/wp-content\/uploads\/2019\/05\/ObtenerFoto_1558553338.jpeg\" alt=\"\" width=\"1020\" height=\"560\" srcset=\"https:\/\/www.cordobatimes.com\/showup\/wp-content\/uploads\/2019\/05\/ObtenerFoto_1558553338.jpeg 1020w, https:\/\/www.cordobatimes.com\/showup\/wp-content\/uploads\/2019\/05\/ObtenerFoto_1558553338-760x417.jpeg 760w, https:\/\/www.cordobatimes.com\/showup\/wp-content\/uploads\/2019\/05\/ObtenerFoto_1558553338-750x412.jpeg 750w, https:\/\/www.cordobatimes.com\/showup\/wp-content\/uploads\/2019\/05\/ObtenerFoto_1558553338-768x422.jpeg 768w, https:\/\/www.cordobatimes.com\/showup\/wp-content\/uploads\/2019\/05\/ObtenerFoto_1558553338-696x382.jpeg 696w, https:\/\/www.cordobatimes.com\/showup\/wp-content\/uploads\/2019\/05\/ObtenerFoto_1558553338-765x420.jpeg 765w\" sizes=\"auto, (max-width: 1020px) 100vw, 1020px\" \/><\/p>\n<p>El proyecto de ley se llama Mercedes Sosa en honor a la artista tucumana.<\/p>\n<p>La iniciativa propone que \u00ablos eventos de m\u00fasica en vivo as\u00ed como cualquier actividad organizada de forma p\u00fablica o privada que implique lucro comercial o no y que para su desarrollo convoquen un m\u00ednimo de tres artistas o agrupaciones musicales en una o m\u00e1s jornadas, ciclos o programaciones anuales, deben contar en su grilla con la presencia de artistas femeninas\u00bb.<\/p>\n<p>Establece adem\u00e1s que si un evento tiene programada la participaci\u00f3n de tres artistas, uno de los cupos deber\u00e1 ser obligatoriamente para una mujer. Adem\u00e1s, se establece que a partir de los diez artistas programados, se entiende que el cupo femenino se cumple cuando \u00e9ste represente el treinta por ciento del total de artistas solistas y\/o agrupaciones musicales de la grilla.<\/p>\n<blockquote class=\"twitter-tweet\">\n<p dir=\"ltr\" lang=\"es\">Con 50 votos afirmativos y 1 en contra queda aprobado el proyecto de ley de cupo femenino en eventos musicales<\/p>\n<p>\u2014 Senado Argentina (@SenadoArgentina) <a href=\"https:\/\/twitter.com\/SenadoArgentina\/status\/1131269883143098368?ref_src=twsrc%5Etfw\">May 22, 2019<\/a><\/p><\/blockquote>\n<p><script async src=\"https:\/\/platform.twitter.com\/widgets.js\" charset=\"utf-8\"><\/script><\/p>\n","protected":false},"excerpt":{"rendered":"<p>La C\u00e1mara Alta firm\u00f3 un dictamen a favor del cupo femenino para que las mujeres participen de recitales de m\u00fasica. Un proyecto de ley que fija un cupo femenino del 30 por ciento para que las mujeres tengan un espacio garantizado de participaci\u00f3n en acontecimientos musicales en vivo en la Argentina, recibi\u00f3 este Mi\u00e9rcoles\u00a0 dictamen [&hellip;]<\/p>\n","protected":false},"author":1,"featured_media":64092,"comment_status":"closed","ping_status":"closed","sticky":false,"template":"","format":"standard","meta":{"_seopress_robots_primary_cat":"","_seopress_titles_title":"","_seopress_titles_desc":"","_seopress_robots_index":"","footnotes":""},"categories":[5],"tags":[23820,23821],"class_list":{"0":"post-64091","1":"post","2":"type-post","3":"status-publish","4":"format-standard","5":"has-post-thumbnail","7":"category-musica","8":"tag-cupo-femenino-en-la-musica","9":"tag-cupo-femenino-musicales-en-vivo"},"_links":{"self":[{"href":"https:\/\/www.cordobatimes.com\/showup\/wp-json\/wp\/v2\/posts\/64091","targetHints":{"allow":["GET"]}}],"collection":[{"href":"https:\/\/www.cordobatimes.com\/showup\/wp-json\/wp\/v2\/posts"}],"about":[{"href":"https:\/\/www.cordobatimes.com\/showup\/wp-json\/wp\/v2\/types\/post"}],"author":[{"embeddable":true,"href":"https:\/\/www.cordobatimes.com\/showup\/wp-json\/wp\/v2\/users\/1"}],"replies":[{"embeddable":true,"href":"https:\/\/www.cordobatimes.com\/showup\/wp-json\/wp\/v2\/comments?post=64091"}],"version-history":[{"count":0,"href":"https:\/\/www.cordobatimes.com\/showup\/wp-json\/wp\/v2\/posts\/64091\/revisions"}],"wp:featuredmedia":[{"embeddable":true,"href":"https:\/\/www.cordobatimes.com\/showup\/wp-json\/wp\/v2\/media\/64092"}],"wp:attachment":[{"href":"https:\/\/www.cordobatimes.com\/showup\/wp-json\/wp\/v2\/media?parent=64091"}],"wp:term":[{"taxonomy":"category","embeddable":true,"href":"https:\/\/www.cordobatimes.com\/showup\/wp-json\/wp\/v2\/categories?post=64091"},{"taxonomy":"post_tag","embeddable":true,"href":"https:\/\/www.cordobatimes.com\/showup\/wp-json\/wp\/v2\/tags?post=64091"}],"curies":[{"name":"wp","href":"https:\/\/api.w.org\/{rel}","templated":true}]}}