{"id":64085,"date":"2019-05-23T10:20:29","date_gmt":"2019-05-23T13:20:29","guid":{"rendered":"https:\/\/www.cordobatimes.com\/showup\/?p=64085"},"modified":"2019-05-23T10:20:29","modified_gmt":"2019-05-23T13:20:29","slug":"el-nieto-de-don-ramon-dio-a-conocer-un-material-inedito-del-actor","status":"publish","type":"post","link":"https:\/\/www.cordobatimes.com\/showup\/famosos\/2019\/05\/23\/el-nieto-de-don-ramon-dio-a-conocer-un-material-inedito-del-actor\/","title":{"rendered":"El nieto de Don Ram\u00f3n dio a conocer un material in\u00e9dito del actor"},"content":{"rendered":"<h3><strong>El descendiente de Ram\u00f3n Vald\u00e9s promete mostrar material jam\u00e1s publicados de su abuelo<\/strong><\/h3>\n<p>El nieto de Don Ram\u00f3n, el m\u00edtico personaje de \u201cEl Chavo del 8\u201d, dio a conocer un adelanto del material in\u00e9dito que le regalar\u00e1 a los fans de la serie de televisi\u00f3n, a modo de agradecimiento por el reconocimiento que tienen con su abuelo.<\/p>\n<p>\u201cEs para nosotros un placer poder compartir con ustedes maravillosas experiencias que hemos vivido en esta b\u00fasqueda incansable de la historia de Ram\u00f3n Vald\u00e9s (1923-1988), sabemos lo mucho que la gente lo quiere alrededor del mundo, y decidimos hacer este canal para retribuir un poco a todos aquellos que con su amor, mantienen vivo en sus corazones a Monchito, \u00a1Muchas gracias! \u00a1los queremos mucho!\u201d, escribi\u00f3 Miguel Vald\u00e9s Castillo en su canal de Youtube.<\/p>\n<p>Titulado \u201cCon permisito dijo Monchito\u201d, el material incluye testimonios de algunos de sus compa\u00f1eros de \u201cEl Chavo del 8\u201d como Mar\u00eda Antonieta de las Nieves, quien interpretaba a \u201cLa Chilindrina\u201d, Carlos Villagr\u00e1n, quien se pon\u00eda en la piel de \u201cQuico\u201d, y Edgar Vivar, conocido por todos como \u201cEl se\u00f1or Barriga\u201d.<\/p>\n<p>Adem\u00e1s, promete la historia jam\u00e1s contada del hombre que dio vida a un personaje que sigue cautivando a millones de personas a 30 a\u00f1os de su muerte.<\/p>\n<p>El video incluye im\u00e1genes de octubre de 1969 con un joven Vald\u00e9s actuando en M\u00e9xico. Otras de 1977 en Bogot\u00e1, Colombia, ante un estadio repleto. Asimismo, se presentan an\u00e9cdotas y vivencias relatadas por sus propios hermanos y su hija Araceli Vald\u00e9s tambi\u00e9n lo recuerda con mucho cari\u00f1o. Asimismo, se podr\u00e1n ver las casas donde vivi\u00f3, adem\u00e1s de entrevistas a fans de diferentes partes del mundo.<\/p>\n<p><iframe loading=\"lazy\" src=\"https:\/\/api.vodgc.net\/player\/v2\/embed\/playerId\/PQYJ7P1510330862\/contentId\/753160?autoplay=no&amp;external_playlist=752790,752749,752730,752311,752149,752133,752129,751957,751821\" width=\"650\" height=\"390\" frameborder=\"0\" scrolling=\"no\" allowfullscreen=\"allowfullscreen\"><\/iframe><\/p>\n","protected":false},"excerpt":{"rendered":"<p>El descendiente de Ram\u00f3n Vald\u00e9s promete mostrar material jam\u00e1s publicados de su abuelo El nieto de Don Ram\u00f3n, el m\u00edtico personaje de \u201cEl Chavo del 8\u201d, dio a conocer un adelanto del material in\u00e9dito que le regalar\u00e1 a los fans de la serie de televisi\u00f3n, a modo de agradecimiento por el reconocimiento que tienen con [&hellip;]<\/p>\n","protected":false},"author":1,"featured_media":64086,"comment_status":"closed","ping_status":"closed","sticky":false,"template":"","format":"standard","meta":{"_seopress_robots_primary_cat":"","_seopress_titles_title":"","_seopress_titles_desc":"","_seopress_robots_index":"","footnotes":""},"categories":[4],"tags":[23815,23816,23814],"class_list":{"0":"post-64085","1":"post","2":"type-post","3":"status-publish","4":"format-standard","5":"has-post-thumbnail","7":"category-famosos","8":"tag-con-permisito-dijo-monchito","9":"tag-don-ramon-el-mitico-personaje-de-el-chavo-del-8","10":"tag-nieto-de-don-ramon"},"_links":{"self":[{"href":"https:\/\/www.cordobatimes.com\/showup\/wp-json\/wp\/v2\/posts\/64085","targetHints":{"allow":["GET"]}}],"collection":[{"href":"https:\/\/www.cordobatimes.com\/showup\/wp-json\/wp\/v2\/posts"}],"about":[{"href":"https:\/\/www.cordobatimes.com\/showup\/wp-json\/wp\/v2\/types\/post"}],"author":[{"embeddable":true,"href":"https:\/\/www.cordobatimes.com\/showup\/wp-json\/wp\/v2\/users\/1"}],"replies":[{"embeddable":true,"href":"https:\/\/www.cordobatimes.com\/showup\/wp-json\/wp\/v2\/comments?post=64085"}],"version-history":[{"count":0,"href":"https:\/\/www.cordobatimes.com\/showup\/wp-json\/wp\/v2\/posts\/64085\/revisions"}],"wp:featuredmedia":[{"embeddable":true,"href":"https:\/\/www.cordobatimes.com\/showup\/wp-json\/wp\/v2\/media\/64086"}],"wp:attachment":[{"href":"https:\/\/www.cordobatimes.com\/showup\/wp-json\/wp\/v2\/media?parent=64085"}],"wp:term":[{"taxonomy":"category","embeddable":true,"href":"https:\/\/www.cordobatimes.com\/showup\/wp-json\/wp\/v2\/categories?post=64085"},{"taxonomy":"post_tag","embeddable":true,"href":"https:\/\/www.cordobatimes.com\/showup\/wp-json\/wp\/v2\/tags?post=64085"}],"curies":[{"name":"wp","href":"https:\/\/api.w.org\/{rel}","templated":true}]}}