{"id":64076,"date":"2019-05-22T16:04:23","date_gmt":"2019-05-22T19:04:23","guid":{"rendered":"https:\/\/www.cordobatimes.com\/showup\/?p=64076"},"modified":"2019-05-22T16:04:23","modified_gmt":"2019-05-22T19:04:23","slug":"traileres-de-la-quinta-temporada-de-black-mirror","status":"publish","type":"post","link":"https:\/\/www.cordobatimes.com\/showup\/cine-y-series\/2019\/05\/22\/traileres-de-la-quinta-temporada-de-black-mirror\/","title":{"rendered":"Tr\u00e1ileres de la quinta temporada de \u00abBlack Mirror\u00bb"},"content":{"rendered":"<h3>\u00a0<strong>La nueva temporada de la serie que estrenar\u00e1 el 5 de junio.<\/strong><\/h3>\n<p>La quinta temporada de\u00a0Black Mirror\u00a0contar\u00e1 con tres cap\u00edtulos de gran extensi\u00f3n y\u00a0Netflix\u00a0estren\u00f3 recientemente tres avances que corresponden a cada uno de ellos. La plataforma por streaming publicar\u00e1 esta nueva temporada el 5 de junio.<\/p>\n<p>Smithereens.\u00a0Con la participaci\u00f3n de Andrew Scott, Damson Idris y Topher Grace. \u201cUn taxista con un plan secreto se convierte en el centro de atenci\u00f3n en un d\u00eda en el que todo se descontrola\u201d, relata la sinopsis.<\/p>\n<p><iframe loading=\"lazy\" width=\"560\" height=\"315\" src=\"https:\/\/www.youtube.com\/embed\/dYgrHBqupjA\" frameborder=\"0\" allow=\"accelerometer; autoplay; encrypted-media; gyroscope; picture-in-picture\" allowfullscreen><\/iframe><\/p>\n<p>Rachel, Jack and Ashley, Too. En este cap\u00edtulo, Miley Cyrus interpreta a la estrella pop Ashley O. que lanza al mercado una rob\u00f3tica y espeluznante mu\u00f1eca que emula los mensajes de autoayuda de la cantante. \u201cSin embargo, este gadget se acaba rebelando, como s\u00edmbolo de la fr\u00e1gil vida que lleva al mismo tiempo la estrella del pop, maniatada por su discogr\u00e1fica y sumida en una crisis existencial\u201d, explica la sinopsis.<\/p>\n<p><iframe loading=\"lazy\" width=\"560\" height=\"315\" src=\"https:\/\/www.youtube.com\/embed\/KJcbXtSGzFs\" frameborder=\"0\" allow=\"accelerometer; autoplay; encrypted-media; gyroscope; picture-in-picture\" allowfullscreen><\/iframe><\/p>\n<p>Striking Vipers. La sinopsis oficial de este cap\u00edtulo cuenta la historia de dos viejos amigos de la universidad que se reencuentran y viven una serie de acontecimientos que podr\u00edan alterar sus vidas para siempre.<\/p>\n<p><iframe loading=\"lazy\" width=\"560\" height=\"315\" src=\"https:\/\/www.youtube.com\/embed\/aPSmmNAp7LI\" frameborder=\"0\" allow=\"accelerometer; autoplay; encrypted-media; gyroscope; picture-in-picture\" allowfullscreen><\/iframe><\/p>\n","protected":false},"excerpt":{"rendered":"<p>\u00a0La nueva temporada de la serie que estrenar\u00e1 el 5 de junio. La quinta temporada de\u00a0Black Mirror\u00a0contar\u00e1 con tres cap\u00edtulos de gran extensi\u00f3n y\u00a0Netflix\u00a0estren\u00f3 recientemente tres avances que corresponden a cada uno de ellos. La plataforma por streaming publicar\u00e1 esta nueva temporada el 5 de junio. Smithereens.\u00a0Con la participaci\u00f3n de Andrew Scott, Damson Idris y [&hellip;]<\/p>\n","protected":false},"author":1,"featured_media":64077,"comment_status":"closed","ping_status":"closed","sticky":false,"template":"","format":"standard","meta":{"_seopress_robots_primary_cat":"","_seopress_titles_title":"","_seopress_titles_desc":"","_seopress_robots_index":"","footnotes":""},"categories":[3],"tags":[20362,21395],"class_list":{"0":"post-64076","1":"post","2":"type-post","3":"status-publish","4":"format-standard","5":"has-post-thumbnail","7":"category-cine-y-series","8":"tag-black-mirror","9":"tag-quinta-temporada-de-black-mirror"},"_links":{"self":[{"href":"https:\/\/www.cordobatimes.com\/showup\/wp-json\/wp\/v2\/posts\/64076","targetHints":{"allow":["GET"]}}],"collection":[{"href":"https:\/\/www.cordobatimes.com\/showup\/wp-json\/wp\/v2\/posts"}],"about":[{"href":"https:\/\/www.cordobatimes.com\/showup\/wp-json\/wp\/v2\/types\/post"}],"author":[{"embeddable":true,"href":"https:\/\/www.cordobatimes.com\/showup\/wp-json\/wp\/v2\/users\/1"}],"replies":[{"embeddable":true,"href":"https:\/\/www.cordobatimes.com\/showup\/wp-json\/wp\/v2\/comments?post=64076"}],"version-history":[{"count":0,"href":"https:\/\/www.cordobatimes.com\/showup\/wp-json\/wp\/v2\/posts\/64076\/revisions"}],"wp:featuredmedia":[{"embeddable":true,"href":"https:\/\/www.cordobatimes.com\/showup\/wp-json\/wp\/v2\/media\/64077"}],"wp:attachment":[{"href":"https:\/\/www.cordobatimes.com\/showup\/wp-json\/wp\/v2\/media?parent=64076"}],"wp:term":[{"taxonomy":"category","embeddable":true,"href":"https:\/\/www.cordobatimes.com\/showup\/wp-json\/wp\/v2\/categories?post=64076"},{"taxonomy":"post_tag","embeddable":true,"href":"https:\/\/www.cordobatimes.com\/showup\/wp-json\/wp\/v2\/tags?post=64076"}],"curies":[{"name":"wp","href":"https:\/\/api.w.org\/{rel}","templated":true}]}}