{"id":64063,"date":"2019-05-22T10:41:25","date_gmt":"2019-05-22T13:41:25","guid":{"rendered":"https:\/\/www.cordobatimes.com\/showup\/?p=64063"},"modified":"2019-05-22T10:41:25","modified_gmt":"2019-05-22T13:41:25","slug":"cirque-du-soleil-llega-al-cine","status":"publish","type":"post","link":"https:\/\/www.cordobatimes.com\/showup\/cine-y-series\/2019\/05\/22\/cirque-du-soleil-llega-al-cine\/","title":{"rendered":"Cirque du Soleil llega al cine"},"content":{"rendered":"<h3><strong>El circo canadiense con franquicias en todo el mundo, \u00a0incursionara\u00a0 \u00a0en la pantalla grande.<\/strong><\/h3>\n<p>La compa\u00f1\u00eda internacional Cirque du Soleil se uni\u00f3 a la productora Rideback para llevar al cine historias inspiradas en los personajes y el extenso cat\u00e1logo creativo del famoso circo canadiense, inform\u00f3 este martes el medio especializado Deadline, seg\u00fan destac\u00f3 la agencia EFE.<\/p>\n<p>El presidente y director ejecutivo de Cirque du Soleil Entertainment Group, Daniel Lamarre, se\u00f1al\u00f3 que para la empresa \u00abel negocio del cine es una progresi\u00f3n l\u00f3gica para la expansi\u00f3n continua de la cartera y Rideback es el socio perfecto para embarcarse en este viaje\u00bb.<\/p>\n<p>El responsable de Cirque du Soleil, cuyo elenco se presentar\u00e1 en Tecn\u00f3polis con su espect\u00e1culo \u00abOvo\u00bb a partir del 16 de junio, asegur\u00f3 que la productora es conocida por su capacidad de desarrollar en profundidad contenido de calidad.<\/p>\n<p>Rideback cuenta con la trayectoria de Dan Lin, un productor de origen taiwan\u00e9s que hizo su carrera con Warner Bros, quien expres\u00f3 que \u00abla expansi\u00f3n de Cirque du Soleil en la pantalla crea una oportunidad \u00fanica en la frontera para desarrollar caracter\u00edsticas narrativas completamente nuevas impulsadas por los mundos impresionantes que ha creado\u00bb.<\/p>\n<p>La incursi\u00f3n en el cine del circo m\u00e1s famoso del mundo es parte de los \u00faltimos esfuerzos por expandir su influencia en el mundo del entretenimiento, que en 2017 present\u00f3 \u00abBlue Man Group\u00bb y en octubre lanzar\u00e1 \u00abMessi10 by Cirque du Soleil\u00bb, para lo cual la cl\u00e1sica carpa ser\u00e1 sustituida por un s\u00edmil campo de f\u00fatbol y el espect\u00e1culo durar\u00e1 90 minutos, igual que un partido convencional.<\/p>\n<p>&nbsp;<\/p>\n","protected":false},"excerpt":{"rendered":"<p>El circo canadiense con franquicias en todo el mundo, \u00a0incursionara\u00a0 \u00a0en la pantalla grande. La compa\u00f1\u00eda internacional Cirque du Soleil se uni\u00f3 a la productora Rideback para llevar al cine historias inspiradas en los personajes y el extenso cat\u00e1logo creativo del famoso circo canadiense, inform\u00f3 este martes el medio especializado Deadline, seg\u00fan destac\u00f3 la agencia [&hellip;]<\/p>\n","protected":false},"author":1,"featured_media":64065,"comment_status":"closed","ping_status":"closed","sticky":false,"template":"","format":"standard","meta":{"_seopress_robots_primary_cat":"","_seopress_titles_title":"","_seopress_titles_desc":"","_seopress_robots_index":"","footnotes":""},"categories":[3],"tags":[1359,23808],"class_list":{"0":"post-64063","1":"post","2":"type-post","3":"status-publish","4":"format-standard","5":"has-post-thumbnail","7":"category-cine-y-series","8":"tag-cirque-du-soleil","9":"tag-cirque-du-soleil-al-cine"},"_links":{"self":[{"href":"https:\/\/www.cordobatimes.com\/showup\/wp-json\/wp\/v2\/posts\/64063","targetHints":{"allow":["GET"]}}],"collection":[{"href":"https:\/\/www.cordobatimes.com\/showup\/wp-json\/wp\/v2\/posts"}],"about":[{"href":"https:\/\/www.cordobatimes.com\/showup\/wp-json\/wp\/v2\/types\/post"}],"author":[{"embeddable":true,"href":"https:\/\/www.cordobatimes.com\/showup\/wp-json\/wp\/v2\/users\/1"}],"replies":[{"embeddable":true,"href":"https:\/\/www.cordobatimes.com\/showup\/wp-json\/wp\/v2\/comments?post=64063"}],"version-history":[{"count":0,"href":"https:\/\/www.cordobatimes.com\/showup\/wp-json\/wp\/v2\/posts\/64063\/revisions"}],"wp:featuredmedia":[{"embeddable":true,"href":"https:\/\/www.cordobatimes.com\/showup\/wp-json\/wp\/v2\/media\/64065"}],"wp:attachment":[{"href":"https:\/\/www.cordobatimes.com\/showup\/wp-json\/wp\/v2\/media?parent=64063"}],"wp:term":[{"taxonomy":"category","embeddable":true,"href":"https:\/\/www.cordobatimes.com\/showup\/wp-json\/wp\/v2\/categories?post=64063"},{"taxonomy":"post_tag","embeddable":true,"href":"https:\/\/www.cordobatimes.com\/showup\/wp-json\/wp\/v2\/tags?post=64063"}],"curies":[{"name":"wp","href":"https:\/\/api.w.org\/{rel}","templated":true}]}}