{"id":6387,"date":"2013-12-24T12:59:02","date_gmt":"2013-12-24T15:59:02","guid":{"rendered":"http:\/\/cordobatimes.com\/showup\/?p=6387"},"modified":"2019-12-01T10:28:34","modified_gmt":"2019-12-01T13:28:34","slug":"las-imagenes-que-nos-hicieron-reir-este-2013-fotos","status":"publish","type":"post","link":"https:\/\/www.cordobatimes.com\/showup\/curiosidades\/2013\/12\/24\/las-imagenes-que-nos-hicieron-reir-este-2013-fotos\/","title":{"rendered":"Las im\u00e1genes que nos hicieron re\u00edr este 2013 (fotos)"},"content":{"rendered":"<h3><strong>El sitio de noticias de Yahoo seleccion\u00f3 las fotos que marcaron agenda en los chimentos y que se llevaron nuestros aplausos pero por lo bizarras que son.Te las compartimos.<\/strong><\/h3>\n<p style=\"text-align: center;\"><a href=\"http:\/\/cordobatimes.com\/showup\/wp-content\/uploads\/2013\/12\/f10137a2-6672-4135-9056-dda7242dbe29_BWTftNKIcAAJBa-jpg-large.jpg\"><img loading=\"lazy\" decoding=\"async\" class=\" wp-image-6388 aligncenter\" src=\"http:\/\/cordobatimes.com\/showup\/wp-content\/uploads\/2013\/12\/f10137a2-6672-4135-9056-dda7242dbe29_BWTftNKIcAAJBa-jpg-large.jpg\" alt=\"f10137a2-6672-4135-9056-dda7242dbe29_BWTftNKIcAAJBa-jpg-large\" width=\"600\" height=\"400\" data-id=\"6388\" \/><\/a><\/p>\n<p style=\"text-align: justify;\">\u00abAc\u00e1 estoy en San Lorenzo #Salta escondi\u00e9ndome de @FernandezAnibal\u00bb,escribi\u00f3\u00a0Elisa Carri\u00f3\u00a0el 11 de octubre. Pero lo que empez\u00f3 como una broma de la legisladora al kirchnerista termin\u00f3 por volv\u00e9rsele en contra:su foto se volvi\u00f3 viral y fue editada cientos de veces en forma de \u00abmemes\u00bb.<\/p>\n<p style=\"text-align: center;\"><a href=\"http:\/\/cordobatimes.com\/showup\/wp-content\/uploads\/2013\/12\/c24c0164-29b8-4cb0-96e4-9af87b679a06_0006517311.jpg\"><img loading=\"lazy\" decoding=\"async\" class=\" wp-image-6401 aligncenter\" src=\"http:\/\/cordobatimes.com\/showup\/wp-content\/uploads\/2013\/12\/c24c0164-29b8-4cb0-96e4-9af87b679a06_0006517311.jpg\" alt=\"c24c0164-29b8-4cb0-96e4-9af87b679a06_0006517311\" width=\"600\" height=\"400\" data-id=\"6401\" \/><\/a><\/p>\n<p>Mientras el fr\u00edo inundaba a todo el pa\u00eds,\u00a0Vicky Xipolitakis\u00a0decidi\u00f3 calentar Twitter con fotos semidesnuda corriendo y posando en la avenida Corrientes en \u00abhomenaje\u00bb a la fecha patria del 9 de julio.\u00bbFeliz 9 de julio les desea el put\u00f3n patrio\u00bb,escribi\u00f3 la vedette y,como es su estilo,gener\u00f3 un revuelo del que se habl\u00f3 durante varios d\u00edas.<\/p>\n<p style=\"text-align: center;\"><a href=\"http:\/\/cordobatimes.com\/showup\/wp-content\/uploads\/2013\/12\/3f60c23a-d076-4914-810c-fa14ab6c3f33_inodoro-indio.jpg\"><img loading=\"lazy\" decoding=\"async\" class=\" wp-image-6392 aligncenter\" src=\"http:\/\/cordobatimes.com\/showup\/wp-content\/uploads\/2013\/12\/3f60c23a-d076-4914-810c-fa14ab6c3f33_inodoro-indio.jpg\" alt=\"3f60c23a-d076-4914-810c-fa14ab6c3f33_inodoro-indio\" width=\"600\" height=\"500\" data-id=\"6392\" \/><\/a><\/p>\n<p style=\"text-align: justify;\">La foto de un joven atascado en un inodoro de un ba\u00f1o qu\u00edmico en el recital que\u00a0El Indio Solari dio en Mendoza\u00a0en septiembre circul\u00f3 por la web y no tard\u00f3 en viralizarse y volverse objeto de burlas.<br \/>\nFue encontrado por el comisario Daniel Silva,casi 4 horas despu\u00e9s del concierto.El chico estaba cubierto de materia fecal,ebrio y con un cuadro de hipotermia y fue trasladado al hospital Alfredo \u00cdtalo Perrupato para su recuperaci\u00f3n.<\/p>\n<p style=\"text-align: center;\"><a href=\"http:\/\/cordobatimes.com\/showup\/wp-content\/uploads\/2013\/12\/0efec3f8-f1f8-46fe-b379-cf1a9d8d23f8_tomandoelsol.jpg\"><img loading=\"lazy\" decoding=\"async\" class=\" wp-image-6389 aligncenter\" src=\"http:\/\/cordobatimes.com\/showup\/wp-content\/uploads\/2013\/12\/0efec3f8-f1f8-46fe-b379-cf1a9d8d23f8_tomandoelsol.jpg\" alt=\"0efec3f8-f1f8-46fe-b379-cf1a9d8d23f8_tomandoelsol\" width=\"600\" height=\"400\" data-id=\"6389\" srcset=\"https:\/\/www.cordobatimes.com\/showup\/wp-content\/uploads\/2013\/12\/0efec3f8-f1f8-46fe-b379-cf1a9d8d23f8_tomandoelsol.jpg 630w, https:\/\/www.cordobatimes.com\/showup\/wp-content\/uploads\/2013\/12\/0efec3f8-f1f8-46fe-b379-cf1a9d8d23f8_tomandoelsol-300x200.jpg 300w\" sizes=\"auto, (max-width: 600px) 100vw, 600px\" \/><\/a><\/p>\n<p style=\"text-align: justify;\">Los rayos de Sol se venden tan caros en Rusia que,en cuanto aparecen,algunos lugare\u00f1os se lanzan \u00e1vidos de captarlos dando lugar a im\u00e1genes tan divertidas como esta tomada en San Petersburgo.Un grupo de se\u00f1oras intentando broncearse contra un muro con la nieve bajos sus pies y el abrigo sobre los hombros.(Foto: ALEXANDER DEMIANCHUK, Reuters, Rusia)<\/p>\n<p style=\"text-align: center;\"><a href=\"http:\/\/cordobatimes.com\/showup\/wp-content\/uploads\/2013\/12\/e4f61d31-ce1c-4d21-9209-0a2950fbf99b_cyrus.jpg\"><img loading=\"lazy\" decoding=\"async\" class=\" wp-image-6403 aligncenter\" src=\"http:\/\/cordobatimes.com\/showup\/wp-content\/uploads\/2013\/12\/e4f61d31-ce1c-4d21-9209-0a2950fbf99b_cyrus.jpg\" alt=\"e4f61d31-ce1c-4d21-9209-0a2950fbf99b_cyrus\" width=\"600\" height=\"400\" data-id=\"6403\" srcset=\"https:\/\/www.cordobatimes.com\/showup\/wp-content\/uploads\/2013\/12\/e4f61d31-ce1c-4d21-9209-0a2950fbf99b_cyrus.jpg 630w, https:\/\/www.cordobatimes.com\/showup\/wp-content\/uploads\/2013\/12\/e4f61d31-ce1c-4d21-9209-0a2950fbf99b_cyrus-300x200.jpg 300w\" sizes=\"auto, (max-width: 600px) 100vw, 600px\" \/><\/a><\/p>\n<p style=\"text-align: justify;\">Con ella lleg\u00f3 el esc\u00e1ndalo,podr\u00eda decirse de la desatada\u00a0Miles Cyrus.A unos les hace gracia y a otros les repele.Esta imagen es parte de su actuaci\u00f3n junto a\u00a0Robin Thicke\u00a0durante la ceremonia de los MTV Video Music Awards en Nueva York.(Foto: LUCAS JACKSON, Reuters, Estados Unidos)<\/p>\n<p style=\"text-align: center;\"><a href=\"http:\/\/cordobatimes.com\/showup\/wp-content\/uploads\/2013\/12\/2d906926-652f-4887-bc5e-674db0eb6094_luber.jpg\"><img loading=\"lazy\" decoding=\"async\" class=\" wp-image-6391 aligncenter\" src=\"http:\/\/cordobatimes.com\/showup\/wp-content\/uploads\/2013\/12\/2d906926-652f-4887-bc5e-674db0eb6094_luber.jpg\" alt=\"2d906926-652f-4887-bc5e-674db0eb6094_luber\" width=\"600\" height=\"400\" data-id=\"6391\" \/><\/a><\/p>\n<p style=\"text-align: justify;\">Legisladora porte\u00f1a\u00a0Mar\u00eda Jos\u00e9 Lubertino\u00a0es una usuaria muy activa de la red social Twitter. Este a\u00f1o hizo un viaje a Tokio en el que se ocup\u00f3 de sacarle foto a casi todo lo que hac\u00eda, incluso en el ba\u00f1o&#8230; No tuvo mejor idea que sacarle una foto al inodoro y publicar esto: \u00abMiscel\u00e1neas #Tokyo: todos los ba\u00f1os muy limpios y tienen obsesi\u00f3n por los inodoros super tecnol\u00f3gicos\u00bb. Lo que hizo hablar a todo el mundo de esta foto fue que Lubertino &#8230;m\u00e1s<\/p>\n<p style=\"text-align: center;\"><a href=\"http:\/\/cordobatimes.com\/showup\/wp-content\/uploads\/2013\/12\/ce36052e-b665-49d5-85ea-0a707fb733d7_peineta-lawrence.jpg\"><img loading=\"lazy\" decoding=\"async\" class=\" wp-image-6402 aligncenter\" src=\"http:\/\/cordobatimes.com\/showup\/wp-content\/uploads\/2013\/12\/ce36052e-b665-49d5-85ea-0a707fb733d7_peineta-lawrence.jpg\" alt=\"ce36052e-b665-49d5-85ea-0a707fb733d7_peineta-lawrence\" width=\"600\" height=\"400\" data-id=\"6402\" srcset=\"https:\/\/www.cordobatimes.com\/showup\/wp-content\/uploads\/2013\/12\/ce36052e-b665-49d5-85ea-0a707fb733d7_peineta-lawrence.jpg 630w, https:\/\/www.cordobatimes.com\/showup\/wp-content\/uploads\/2013\/12\/ce36052e-b665-49d5-85ea-0a707fb733d7_peineta-lawrence-300x200.jpg 300w\" sizes=\"auto, (max-width: 600px) 100vw, 600px\" \/><\/a><\/p>\n<p style=\"text-align: justify;\">Jennifer Lawrence\u00a0es una caja de sorpresas en cuanto a momentos simp\u00e1ticos y divertidos.En la ceremonia de los Oscar,primero fue su tropiezo al subir a recoger su estatuilla por &#8216;El lado bueno de las cosas&#8217; y luego este irreverente gesto con su mano cuando posaba para la c\u00e1mara.Fue su reacci\u00f3n ante las bromas de algunos reporteros gr\u00e1ficos por el tropez\u00f3n.(Foto: MIKE BLAKE, Reuters, Estados Unidos)<\/p>\n<p style=\"text-align: center;\"><a href=\"http:\/\/cordobatimes.com\/showup\/wp-content\/uploads\/2013\/12\/bdf948c6-0ca9-4d3a-a88f-a672cf685a7c_BRZw0coCYAAq6IT.jpg\"><img loading=\"lazy\" decoding=\"async\" class=\" wp-image-6400 aligncenter\" src=\"http:\/\/cordobatimes.com\/showup\/wp-content\/uploads\/2013\/12\/bdf948c6-0ca9-4d3a-a88f-a672cf685a7c_BRZw0coCYAAq6IT.jpg\" alt=\"bdf948c6-0ca9-4d3a-a88f-a672cf685a7c_BRZw0coCYAAq6IT\" width=\"600\" height=\"400\" data-id=\"6400\" srcset=\"https:\/\/www.cordobatimes.com\/showup\/wp-content\/uploads\/2013\/12\/bdf948c6-0ca9-4d3a-a88f-a672cf685a7c_BRZw0coCYAAq6IT.jpg 599w, https:\/\/www.cordobatimes.com\/showup\/wp-content\/uploads\/2013\/12\/bdf948c6-0ca9-4d3a-a88f-a672cf685a7c_BRZw0coCYAAq6IT-300x199.jpg 300w\" sizes=\"auto, (max-width: 600px) 100vw, 600px\" \/><\/a><\/p>\n<p style=\"text-align: justify;\">Dar\u00edo Giustozzi,intendente de Almirante Brown y que al momento de la PASO,en agosto pasado era precandidato a diputado nacional por el Frente Renovador,se convirti\u00f3 en una de las \u00abperlitas\u00bb de las elecciones.Hizo la cola y,minutos antes de entrar a votar,meti\u00f3 la mano en su bolsillo y se percat\u00f3 de un peque\u00f1o detalle: le faltaba el DNI.En ese momento exacto,le tomaron esta foto que pronto circul\u00f3 por todas partes.<\/p>\n<p style=\"text-align: center;\"><a href=\"http:\/\/cordobatimes.com\/showup\/wp-content\/uploads\/2013\/12\/b57dcd36-b65c-4464-9e09-491f9f1fe455_papa-camiseta.jpg\"><img loading=\"lazy\" decoding=\"async\" class=\" wp-image-6398 aligncenter\" src=\"http:\/\/cordobatimes.com\/showup\/wp-content\/uploads\/2013\/12\/b57dcd36-b65c-4464-9e09-491f9f1fe455_papa-camiseta.jpg\" alt=\"b57dcd36-b65c-4464-9e09-491f9f1fe455_papa-camiseta\" width=\"600\" height=\"400\" data-id=\"6398\" srcset=\"https:\/\/www.cordobatimes.com\/showup\/wp-content\/uploads\/2013\/12\/b57dcd36-b65c-4464-9e09-491f9f1fe455_papa-camiseta.jpg 630w, https:\/\/www.cordobatimes.com\/showup\/wp-content\/uploads\/2013\/12\/b57dcd36-b65c-4464-9e09-491f9f1fe455_papa-camiseta-300x200.jpg 300w\" sizes=\"auto, (max-width: 600px) 100vw, 600px\" \/><\/a><\/p>\n<p style=\"text-align: justify;\">Algunos fieles se vuelven tan locos ante la presencia del Papa que hasta la punter\u00eda les falla.No sabemos que pretend\u00eda quien le lanz\u00f3 la bufanda a\u00a0Francisco\u00a0en su ba\u00f1o de multitudes por la Plaza de San Pedro,pero el Sumo Pont\u00edfice recibi\u00f3 todo un bufandazo.Por suerte no era un rosario. (Foto: STEFANO RELLANDINI, Reuters, Italia)<\/p>\n<p style=\"text-align: center;\"><a href=\"http:\/\/cordobatimes.com\/showup\/wp-content\/uploads\/2013\/12\/99185ca0-fa58-486b-adea-7265a71497bb_doman-2.jpg\"><img loading=\"lazy\" decoding=\"async\" class=\" wp-image-6397 aligncenter\" src=\"http:\/\/cordobatimes.com\/showup\/wp-content\/uploads\/2013\/12\/99185ca0-fa58-486b-adea-7265a71497bb_doman-2.jpg\" alt=\"99185ca0-fa58-486b-adea-7265a71497bb_doman-2\" width=\"600\" height=\"400\" data-id=\"6397\" \/><\/a><\/p>\n<p style=\"text-align: justify;\">Este fue el \u00aba\u00f1o de la fama\u00bb para Fabi\u00e1n Doman.De ser un simple conductor de noticiero en el canal C5N de noticias,pas\u00f3 a convertirse en una suerte de \u00absex symbol\u00bb posando en tapas de revista con su nueva novia.La tapa de Revista Caras con la pareja recostada en un Yate dio que hablar a todos durante varias semanas.<\/p>\n<p style=\"text-align: center;\"><a href=\"http:\/\/cordobatimes.com\/showup\/wp-content\/uploads\/2013\/12\/87260cb3-136a-4785-a057-abda4dc6e81e_obama-putin.jpg\"><img loading=\"lazy\" decoding=\"async\" class=\" wp-image-6396 aligncenter\" src=\"http:\/\/cordobatimes.com\/showup\/wp-content\/uploads\/2013\/12\/87260cb3-136a-4785-a057-abda4dc6e81e_obama-putin.jpg\" alt=\"87260cb3-136a-4785-a057-abda4dc6e81e_obama-putin\" width=\"600\" height=\"400\" data-id=\"6396\" srcset=\"https:\/\/www.cordobatimes.com\/showup\/wp-content\/uploads\/2013\/12\/87260cb3-136a-4785-a057-abda4dc6e81e_obama-putin.jpg 630w, https:\/\/www.cordobatimes.com\/showup\/wp-content\/uploads\/2013\/12\/87260cb3-136a-4785-a057-abda4dc6e81e_obama-putin-300x200.jpg 300w\" sizes=\"auto, (max-width: 600px) 100vw, 600px\" \/><\/a><\/p>\n<p style=\"text-align: justify;\">Los expertos en lenguaje corporal podr\u00edan hacer una tesis con esta imagen de\u00a0Barack Obama\u00a0y\u00a0Vladimir Putin\u00a0durante una reuni\u00f3n del G8 en Irlanda del Norte en junio.S\u00f3lo la cara del presidente de Estados Unidos ya da muestras de que la conversaci\u00f3n no parec\u00eda muy amena.Si es que la hab\u00eda, claro. (Foto: KEVIN LAMARQUE, Reuters, Irlanda del Norte)<\/p>\n<p style=\"text-align: center;\"><a href=\"http:\/\/cordobatimes.com\/showup\/wp-content\/uploads\/2013\/12\/97abf86e-5ab2-4d59-a1a9-75efee0b4e97_coche-dosruedas.jpg\"><img loading=\"lazy\" decoding=\"async\" class=\" wp-image-6394 aligncenter\" src=\"http:\/\/cordobatimes.com\/showup\/wp-content\/uploads\/2013\/12\/97abf86e-5ab2-4d59-a1a9-75efee0b4e97_coche-dosruedas.jpg\" alt=\"97abf86e-5ab2-4d59-a1a9-75efee0b4e97_coche-dosruedas\" width=\"600\" height=\"400\" data-id=\"6394\" srcset=\"https:\/\/www.cordobatimes.com\/showup\/wp-content\/uploads\/2013\/12\/97abf86e-5ab2-4d59-a1a9-75efee0b4e97_coche-dosruedas.jpg 630w, https:\/\/www.cordobatimes.com\/showup\/wp-content\/uploads\/2013\/12\/97abf86e-5ab2-4d59-a1a9-75efee0b4e97_coche-dosruedas-300x200.jpg 300w\" sizes=\"auto, (max-width: 600px) 100vw, 600px\" \/><\/a><\/p>\n<p style=\"text-align: justify;\">Tranquilo se lo est\u00e1n pasando este grupo de saud\u00edes poniendo a dos ruedas su todoterreno.No parece preocuparle mucho ni al que est\u00e1 debajo ni al que se sit\u00faa a un lado que el veh\u00edculo vuelque.Al parecer es un hobby bastante com\u00fan.(Foto: MOHAMED AL HWAITY, Reuters, Arabia Saud\u00ed)<\/p>\n<p style=\"text-align: center;\">\n","protected":false},"excerpt":{"rendered":"<p>El sitio de noticias de Yahoo seleccion\u00f3 las fotos que marcaron agenda en los chimentos y que se llevaron nuestros aplausos pero por lo bizarras que son.Te las compartimos. \u00abAc\u00e1 estoy en San Lorenzo #Salta escondi\u00e9ndome de @FernandezAnibal\u00bb,escribi\u00f3\u00a0Elisa Carri\u00f3\u00a0el 11 de octubre. Pero lo que empez\u00f3 como una broma de la legisladora al kirchnerista termin\u00f3 [&hellip;]<\/p>\n","protected":false},"author":1,"featured_media":6413,"comment_status":"closed","ping_status":"closed","sticky":false,"template":"","format":"standard","meta":{"_seopress_robots_primary_cat":"","_seopress_titles_title":"","_seopress_titles_desc":"","_seopress_robots_index":"","footnotes":""},"categories":[8],"tags":[24886,1901,26396,26397],"class_list":{"0":"post-6387","1":"post","2":"type-post","3":"status-publish","4":"format-standard","5":"has-post-thumbnail","7":"category-curiosidades","8":"tag-las-fotos-del-2013-que-nos-hicieron-reir","9":"tag-las-fotos-que-nos-hicieron-reir","10":"tag-memes-del-2013","11":"tag-memes-que-nos-hicieron-reir-en-2013"},"_links":{"self":[{"href":"https:\/\/www.cordobatimes.com\/showup\/wp-json\/wp\/v2\/posts\/6387","targetHints":{"allow":["GET"]}}],"collection":[{"href":"https:\/\/www.cordobatimes.com\/showup\/wp-json\/wp\/v2\/posts"}],"about":[{"href":"https:\/\/www.cordobatimes.com\/showup\/wp-json\/wp\/v2\/types\/post"}],"author":[{"embeddable":true,"href":"https:\/\/www.cordobatimes.com\/showup\/wp-json\/wp\/v2\/users\/1"}],"replies":[{"embeddable":true,"href":"https:\/\/www.cordobatimes.com\/showup\/wp-json\/wp\/v2\/comments?post=6387"}],"version-history":[{"count":0,"href":"https:\/\/www.cordobatimes.com\/showup\/wp-json\/wp\/v2\/posts\/6387\/revisions"}],"wp:featuredmedia":[{"embeddable":true,"href":"https:\/\/www.cordobatimes.com\/showup\/wp-json\/wp\/v2\/media\/6413"}],"wp:attachment":[{"href":"https:\/\/www.cordobatimes.com\/showup\/wp-json\/wp\/v2\/media?parent=6387"}],"wp:term":[{"taxonomy":"category","embeddable":true,"href":"https:\/\/www.cordobatimes.com\/showup\/wp-json\/wp\/v2\/categories?post=6387"},{"taxonomy":"post_tag","embeddable":true,"href":"https:\/\/www.cordobatimes.com\/showup\/wp-json\/wp\/v2\/tags?post=6387"}],"curies":[{"name":"wp","href":"https:\/\/api.w.org\/{rel}","templated":true}]}}