{"id":63843,"date":"2019-05-13T13:29:44","date_gmt":"2019-05-13T16:29:44","guid":{"rendered":"https:\/\/www.cordobatimes.com\/showup\/?p=63843"},"modified":"2019-05-13T13:29:44","modified_gmt":"2019-05-13T16:29:44","slug":"el-indio-solari-se-refirio-a-la-posibilidad-de-volver-a-los-escenarios","status":"publish","type":"post","link":"https:\/\/www.cordobatimes.com\/showup\/musica\/2019\/05\/13\/el-indio-solari-se-refirio-a-la-posibilidad-de-volver-a-los-escenarios\/","title":{"rendered":"El Indio Solari se refiri\u00f3 a la posibilidad de volver a los escenarios"},"content":{"rendered":"<p>Carlos \u00abIndio\u00bb Solari puso en duda la posibilidad de volver a brindar un recital al asegurar que no sabe \u00absi habr\u00e1 otra misa\u00bb, como sus seguidores denominan los conciertos, y condicion\u00f3 esta posibilidad a que aparezca \u00abuna medicina nueva que prolongue mi bienestar un ratito m\u00e1s\u00bb.<\/p>\n<p>Durante una entrevista con su bi\u00f3grafo, Marcelo Figueras, emitida por\u00a0El Destape\u00a0radio, indic\u00f3: \u00abYo he aprendido a decir que no se. Mi problema es que no genero dopamina. \u00bfQue m\u00e1s quiero en la vida que tocar en vivo? Es el lugar donde me siento m\u00e1s c\u00f3modo. Ahora no puedo\u00bb.<\/p>\n<p>Asimismo, manifest\u00f3 que es su intenci\u00f3n \u00abal menos tocar en vivo ac\u00e1 en el estudio y transmitirlo por streaming\u00bb.<\/p>\n<p>En esa l\u00ednea, Solari asegur\u00f3: \u00abSiempre tengo proyectos. Cuando hay tanta gente que se conmueve con lo que hac\u00e9s, proyectos no faltan nunca. Estoy dibujando otra vez y escribiendo\u00bb.<\/p>\n<p>La charla con Figueras fue parte del reportaje grabado para la presentaci\u00f3n de\u00a0Recuerdos que mienten un poco\u00a0que ayer desde las 18 se present\u00f3 en la sala Jorge Luis Borges de la Feria del Libro.<\/p>\n<p>El m\u00fasico, compositor y cantante, de 70 a\u00f1os, no se presenta en vivo desde el 11 de marzo de 2017 cuando congreg\u00f3 a unas 300.000 personas en la localidad bonaerense de Olavarr\u00eda.<\/p>\n<p>Solar\u00ed hab\u00eda revelado durante un recital en la ciudad de Tandil que ten\u00eda mal de Parkinson al afirmar: \u00abMr. Parkinson me est\u00e1 pisando los talones, pero ac\u00e1 estoy\u00bb.<\/p>\n<p><iframe loading=\"lazy\" src=\"https:\/\/www.youtube.com\/embed\/CnudGc1v5wo\" width=\"560\" height=\"315\" frameborder=\"0\" allowfullscreen=\"allowfullscreen\"><\/iframe><\/p>\n","protected":false},"excerpt":{"rendered":"<p>Carlos \u00abIndio\u00bb Solari puso en duda la posibilidad de volver a brindar un recital al asegurar que no sabe \u00absi habr\u00e1 otra misa\u00bb, como sus seguidores denominan los conciertos, y condicion\u00f3 esta posibilidad a que aparezca \u00abuna medicina nueva que prolongue mi bienestar un ratito m\u00e1s\u00bb. Durante una entrevista con su bi\u00f3grafo, Marcelo Figueras, emitida [&hellip;]<\/p>\n","protected":false},"author":1,"featured_media":63844,"comment_status":"closed","ping_status":"closed","sticky":false,"template":"","format":"standard","meta":{"_seopress_robots_primary_cat":"","_seopress_titles_title":"","_seopress_titles_desc":"","_seopress_robots_index":"","footnotes":""},"categories":[5],"tags":[605,3039],"class_list":{"0":"post-63843","1":"post","2":"type-post","3":"status-publish","4":"format-standard","5":"has-post-thumbnail","7":"category-musica","8":"tag-carlos-indio-solari","9":"tag-indio-solari"},"_links":{"self":[{"href":"https:\/\/www.cordobatimes.com\/showup\/wp-json\/wp\/v2\/posts\/63843","targetHints":{"allow":["GET"]}}],"collection":[{"href":"https:\/\/www.cordobatimes.com\/showup\/wp-json\/wp\/v2\/posts"}],"about":[{"href":"https:\/\/www.cordobatimes.com\/showup\/wp-json\/wp\/v2\/types\/post"}],"author":[{"embeddable":true,"href":"https:\/\/www.cordobatimes.com\/showup\/wp-json\/wp\/v2\/users\/1"}],"replies":[{"embeddable":true,"href":"https:\/\/www.cordobatimes.com\/showup\/wp-json\/wp\/v2\/comments?post=63843"}],"version-history":[{"count":0,"href":"https:\/\/www.cordobatimes.com\/showup\/wp-json\/wp\/v2\/posts\/63843\/revisions"}],"wp:featuredmedia":[{"embeddable":true,"href":"https:\/\/www.cordobatimes.com\/showup\/wp-json\/wp\/v2\/media\/63844"}],"wp:attachment":[{"href":"https:\/\/www.cordobatimes.com\/showup\/wp-json\/wp\/v2\/media?parent=63843"}],"wp:term":[{"taxonomy":"category","embeddable":true,"href":"https:\/\/www.cordobatimes.com\/showup\/wp-json\/wp\/v2\/categories?post=63843"},{"taxonomy":"post_tag","embeddable":true,"href":"https:\/\/www.cordobatimes.com\/showup\/wp-json\/wp\/v2\/tags?post=63843"}],"curies":[{"name":"wp","href":"https:\/\/api.w.org\/{rel}","templated":true}]}}