{"id":63840,"date":"2019-05-13T10:57:30","date_gmt":"2019-05-13T13:57:30","guid":{"rendered":"https:\/\/www.cordobatimes.com\/showup\/?p=63840"},"modified":"2019-05-13T10:57:30","modified_gmt":"2019-05-13T13:57:30","slug":"todos-los-ganadores-de-los-premios-platino-2019","status":"publish","type":"post","link":"https:\/\/www.cordobatimes.com\/showup\/cine-y-series\/2019\/05\/13\/todos-los-ganadores-de-los-premios-platino-2019\/","title":{"rendered":"Todos los ganadores de los Premios Platino 2019"},"content":{"rendered":"<h3><strong>Por segundo a\u00f1o consecutivo, la Riviera Maya mexicana recibi\u00f3 a lo mejor del cine Iberoamericano.\u00a0<\/strong><\/h3>\n<p>\u00abRoma\u00bb, del mexicano Alfonso Cuar\u00f3n, que lo acredit\u00f3 en los Oscar como mejor director, se alz\u00f3 este domingo como la m\u00e1xima ganadora en la sexta edici\u00f3n de los Premios Platino del Cine Iberoamericano\u00a0al acreditarse cinco estatuillas,incluidas la de\u00a0mejor pel\u00edcula de ficci\u00f3n\u00a0y\u00a0mejor director.<\/p>\n<p>El filme, que revive en blanco y negro la infancia del laureado cineasta, tambi\u00e9n se impuso en las categor\u00edas de mejor guion, direcci\u00f3n de fotograf\u00eda y direcci\u00f3n de sonido en una ceremonia celebrada, por segundo a\u00f1o consecutivo, en el paradis\u00edaco Parque Xcaret de la Riviera Maya (sureste).<\/p>\n<p>Cuar\u00f3n estuvo ausente en la entrega, pero las actrices mexicanas\u00a0Yalitza Aparicioy\u00a0Marina de Tavira, ambas nominadas en la categor\u00eda de mejor interpretaci\u00f3n femenina, celebraron el triunfo del director.<\/p>\n<p>Los Premios Platino del Cine Iberoamericano son impulsados por la Entidad de Gesti\u00f3n de Derechos de los Productores Audiovisuales (Egeda) de Espa\u00f1a, junto con la Federaci\u00f3n Iberoamericana de Productores Cinematogr\u00e1ficos y Audiovisuales (Fipca).<\/p>\n<div class=\"row pb-content-type-text\">\n<div class=\"col-xs-12 col-print-12\">\n<p class=\"element element-paragraph\"><strong>A continuaci\u00f3n, la lista completa de ganadores:<\/strong><\/p>\n<\/div>\n<\/div>\n<div class=\"row pb-content-type-text\">\n<div class=\"col-xs-12 col-print-12\">\n<p class=\"element element-paragraph\"><strong>Mejor \u00d3pera Prima de Ficci\u00f3n Iberoamericana<\/strong><br \/>\n<em>Carmen y Lola\u00a0<\/em>(Espa\u00f1a)<em><br \/>\nLa familia\u00a0<\/em>(Venezuela, Chile)<em><br \/>\n<strong>Las herederas\u00a0<\/strong><\/em><strong>(Paraguay, Uruguay, Brasil) \u2013 GANADORA<\/strong><em><br \/>\nViaje al cuarto de una madre\u00a0<\/em>(Espa\u00f1a)<\/p>\n<\/div>\n<\/div>\n<div class=\"row pb-content-type-text\">\n<div class=\"col-xs-12 col-print-12\">\n<p class=\"element element-paragraph\"><strong>Mejor Pel\u00edcula Documental<\/strong><br \/>\n<em>Camar\u00f3n, flamenco y revoluci\u00f3n\u00a0<\/em>(Espa\u00f1a)<em><br \/>\n<strong>El silencio de otros<\/strong><\/em><strong>\u00a0(Espa\u00f1a) \u2013 GANADORA<\/strong><em><br \/>\nLa libertad del diablo\u00a0<\/em>(M\u00e9xico)<em><br \/>\nYo no me llamo Rub\u00e9n Blades<\/em>\u00a0(Panam\u00e1, Argentina, Colombia)<\/p>\n<\/div>\n<\/div>\n<div class=\"row pb-content-type-text\">\n<div class=\"col-xs-12 col-print-12\">\n<p class=\"element element-paragraph\"><strong>Mejor Gui\u00f3n<\/strong><br \/>\n<strong>\u200b\u200bAlfonso Cuar\u00f3n \u2013\u00a0<em>Roma<\/em>\u00a0(M\u00e9xico) \u2013 GANADOR<\/strong><br \/>\n\u200b\u200b\u00c1lvaro Brechner \u2013\u00a0<em>La noche de 12 a\u00f1os<\/em>\u00a0(Espa\u00f1a, Argentina, Uruguay)<br \/>\nDavid M\u00e1rques, Javier Fesser \u2013\u00a0<em>Campeones<\/em>\u00a0(Espa\u00f1a)<\/p>\n<\/div>\n<\/div>\n<div class=\"row pb-content-type-text\">\n<div class=\"col-xs-12 col-print-12\">\n<p class=\"element element-paragraph\"><strong>Mejor Direcci\u00f3n de Fotograf\u00eda<\/strong><br \/>\n<strong>Alfonso Cuar\u00f3n \u2013\u00a0<em>Roma (<\/em>M\u00e9xico) \u2013 GANADOR<\/strong><br \/>\nCarlos Catal\u00e1n \u2013\u00a0<em>La noche de 12 a\u00f1os<\/em>\u00a0(Espa\u00f1a, Argentina, Uruguay)<br \/>\nDavid Gallego \u2013\u00a0<em>P\u00e1jaros de verano<\/em>\u00a0(Colombia, M\u00e9xico)<br \/>\nLuis Armando Arteaga \u2013\u00a0<em>Las herederas<\/em>\u00a0(Paraguay, Uruguay, Brasil)<\/p>\n<\/div>\n<\/div>\n<div class=\"row pb-content-type-text\">\n<div class=\"col-xs-12 col-print-12\">\n<p class=\"element element-paragraph\"><strong>Mejor Direcci\u00f3n de Sonido<\/strong><br \/>\nCarlos E. Garc\u00eda, Claus Linge, Marco Salaverria \u2013\u00a0<em>P\u00e1jaros de verano<\/em>\u00a0(Colombia, M\u00e9xico)<br \/>\nJos\u00e9 Luis D\u00edaz \u2013\u00a0<em>El \u00e1ngel<\/em>\u00a0(Argentina, Espa\u00f1a)<br \/>\nRoberto Fern\u00e1ndez, Alfonso Raposo \u2013\u00a0<em>El reino<\/em>\u00a0(Espa\u00f1a)<br \/>\n<strong>Sergio D\u00edaz, Skip Lievsay, Craig Henighan, Jos\u00e9 Antonio Garc\u00eda \u2013\u00a0<em>Roma<\/em>\u00a0(M\u00e9xico) \u2013 GANADORES<\/strong><\/p>\n<\/div>\n<\/div>\n<div class=\"row pb-content-type-text\">\n<div class=\"col-xs-12 col-print-12\">\n<p class=\"element element-paragraph\"><strong>Mejor M\u00fasica Original<\/strong><br \/>\n<strong>Alberto Iglesias \u2013\u00a0<em>Yuli<\/em>\u00a0(Espa\u00f1a) \u2013 GANADOR<\/strong><br \/>\nEdu Lobo \u2013\u00a0<em>O grande circo m\u00edstico<\/em>\u00a0(Brasil, Portugal)<br \/>\nFederico Jusid \u2013\u00a0<em>La noche de 12 a\u00f1os<\/em>\u00a0(Espa\u00f1a, Argentina, Uruguay)<br \/>\nOliver Arson \u2013\u00a0<em>El reino<\/em>\u00a0(Espa\u00f1a)<\/p>\n<\/div>\n<\/div>\n<div class=\"row pb-content-type-text\">\n<div class=\"col-xs-12 col-print-12\">\n<p class=\"element element-paragraph\"><strong>Mejor Direcci\u00f3n de Arte<\/strong><br \/>\n<strong>Ang\u00e9lica Perea \u2013\u00a0<em>P\u00e1jaros de verano<\/em>\u00a0(Colombia, M\u00e9xico) \u2013 GANADORA<\/strong><br \/>\nArtur Pinheiro \u2013\u00a0<em>O grande circo m\u00edstico<\/em>\u00a0(Brasil, Portugal)<br \/>\nBenjam\u00edn Fern\u00e1ndez \u2013\u00a0<em>El hombre que mat\u00f3 a Don Quijote<\/em>\u00a0(Espa\u00f1a, Portugal)<br \/>\nEugenio Caballero \u2013\u00a0<em>Roma<\/em>\u00a0(M\u00e9xico)<\/p>\n<\/div>\n<\/div>\n<div class=\"row pb-content-type-text\">\n<div class=\"col-xs-12 col-print-12\">\n<p class=\"element element-paragraph\"><strong>Mejor Direcci\u00f3n de Montaje<\/strong><br \/>\n<strong>Alberto Del Campo \u2013\u00a0<em>El reino<\/em>\u00a0(Espa\u00f1a) \u2013 GANADOR<\/strong><br \/>\nAlfonso Cuar\u00f3n, Adam Gough \u2013\u00a0<em>Roma<\/em>\u00a0(M\u00e9xico)<br \/>\nGuillermo Gatti \u2013\u00a0<em>El \u00e1ngel<\/em>\u00a0(Argentina, Espa\u00f1a)<br \/>\nMiguel Schverdfinger \u2013\u00a0<em>P\u00e1jaros de verano<\/em>\u00a0(Colombia, M\u00e9xico)<\/p>\n<\/div>\n<\/div>\n<div class=\"row pb-content-type-text\">\n<div class=\"col-xs-12 col-print-12\">\n<p class=\"element element-paragraph\"><strong>Mejor Pel\u00edcula de Animaci\u00f3n<\/strong><br \/>\nLa casa lobo\u00a0(Chile)<br \/>\nMemorias de un hombre en pijama\u00a0(Espa\u00f1a)<br \/>\n<strong>Un d\u00eda m\u00e1s con vida\u00a0(Espa\u00f1a) \u2013 GANADORA<\/strong><br \/>\nVirus tropical\u00a0(Colombia)<\/p>\n<\/div>\n<\/div>\n<div class=\"row pb-content-type-text\">\n<div class=\"col-xs-12 col-print-12\">\n<p class=\"element element-paragraph\"><strong>Premio PLATINO al Cine y Educaci\u00f3n en Valores<\/strong><br \/>\n<strong><em>Campeones<\/em>\u00a0(Espa\u00f1a) \u2013 GANADORA<\/strong><br \/>\n<em>Carmen y Lola<\/em>\u00a0(Espa\u00f1a)<br \/>\n<em>La noche de 12 a\u00f1os<\/em>\u00a0(Espa\u00f1a, Argentina, Uruguay)<br \/>\n<em>Las herederas<\/em>\u00a0(Paraguay, Uruguay, Brasil)<\/p>\n<\/div>\n<\/div>\n<div class=\"row pb-content-type-text\">\n<div class=\"col-xs-12 col-print-12\">\n<p class=\"element element-paragraph\"><strong>Mejor Interpretaci\u00f3n Masculina<\/strong><br \/>\nAntonio De la Torre \u2013\u00a0<em>El reino<\/em>\u00a0(Espa\u00f1a) \u2013 GANADOR<br \/>\nJavier Bardem \u2013\u00a0<em>Todos lo saben<\/em>\u00a0(Espa\u00f1a)<br \/>\nJavier Guti\u00e9rrez \u2013\u00a0<em>Campeones<\/em>\u00a0(Espa\u00f1a)<br \/>\nLorenzo Ferro \u2013\u00a0<em>El \u00e1ngel<\/em>\u00a0(Argentina, Espa\u00f1a)<\/p>\n<\/div>\n<\/div>\n<div class=\"row pb-content-type-text\">\n<div class=\"col-xs-12 col-print-12\">\n<p class=\"element element-paragraph\"><strong>Mejor Interpretaci\u00f3n Femenina<\/strong><br \/>\n<strong>Ana Brun \u2013\u00a0<em>Las herederas<\/em>\u00a0(Paraguay, Uruguay, Brasil) \u2013 GANADORA<\/strong><br \/>\nMarina de Tavira \u2013\u00a0<em>Roma<\/em>\u00a0(M\u00e9xico)<br \/>\nPen\u00e9lope Cruz \u2013\u00a0<em>Todos lo saben<\/em>\u00a0(Espa\u00f1a)<br \/>\nYalitza Aparicio \u2013\u00a0<em>Roma<\/em>\u00a0(M\u00e9xico)<\/p>\n<\/div>\n<\/div>\n<div class=\"row pb-content-type-text\">\n<div class=\"col-xs-12 col-print-12\">\n<p class=\"element element-paragraph\"><strong>Mejor Interpretaci\u00f3n Masculina en Miniserie o Teleserie<\/strong><br \/>\nDiego Boneta \u2013\u00a0<em>Luis Miguel: la serie<\/em>\u00a0(M\u00e9xico)<br \/>\n<strong>Diego Luna \u2013\u00a0<em>Narcos: M\u00e9xico<\/em>\u00a0(M\u00e9xico) \u2013 GANADOR<\/strong><br \/>\nJavier Rey \u2013\u00a0<em>Fari\u00f1a<\/em>\u00a0(Espa\u00f1a)<br \/>\nNicol\u00e1s Furtado \u2013\u00a0<em>El marginal II<\/em>\u00a0(Argentina)<\/p>\n<\/div>\n<\/div>\n<div class=\"row pb-content-type-text\">\n<div class=\"col-xs-12 col-print-12\">\n<p class=\"element element-paragraph\"><strong>Mejor Interpretaci\u00f3n Femenina en Miniserie o Teleserie<\/strong><br \/>\nAnna Castillo \u2013\u00a0<em>Arde Madrid<\/em>\u00a0(Espa\u00f1a)<br \/>\n<strong>Cecilia Su\u00e1rez \u2013\u00a0<em>La casa de las flores<\/em>\u00a0(M\u00e9xico) \u2013 GANADORA<\/strong><br \/>\nInma Cuesta \u2013\u00a0<em>Arde Madrid<\/em>\u00a0(Espa\u00f1a)<br \/>\nNajwa Nimri \u2013\u00a0<em>Vis a Vis<\/em>\u00a0(Espa\u00f1a<\/p>\n<\/div>\n<\/div>\n<div class=\"row pb-content-type-text\">\n<div class=\"col-xs-12 col-print-12\">\n<p class=\"element element-paragraph\"><strong>Mejor Miniserie o Teleserie Cinematogr\u00e1fica Iberoamericana<\/strong><br \/>\n<strong><em>Arde Madrid<\/em>\u00a0(Espa\u00f1a)<\/strong><br \/>\n<em>El marginal II<\/em>\u00a0(Argentina)<br \/>\n<em>La casa de las flores<\/em>\u00a0(M\u00e9xico)<br \/>\n<em>Narcos: M\u00e9xico<\/em>\u00a0(M\u00e9xico)<\/p>\n<\/div>\n<\/div>\n<div class=\"row pb-content-type-text\">\n<div class=\"col-xs-12 col-print-12\">\n<p class=\"element element-paragraph\"><em><strong>Mejor Direcci\u00f3n<\/strong><\/em><br \/>\n<strong>\u200bAlfonso Cuar\u00f3n \u2013\u00a0<em>Roma<\/em>\u00a0(M\u00e9xico) \u2013 GANADOR<\/strong><br \/>\n\u200b\u200b\u00c1lvaro Brechner \u2013\u00a0<em>La noche de 12 a\u00f1os<\/em>\u00a0(Espa\u00f1a, Argentina, Uruguay)<br \/>\nCristina Gallego, Ciro Guerra \u2013\u00a0<em>P\u00e1jaros de verano<\/em>\u00a0(Colombia, M\u00e9xico)<br \/>\nJavier Fesser \u2013\u00a0<em>Campeones<\/em>\u00a0(Espa\u00f1a)<\/p>\n<\/div>\n<\/div>\n<div class=\"row pb-content-type-text\">\n<div class=\"col-xs-12 col-print-12\">\n<p class=\"element element-paragraph\"><strong>Mejor Pel\u00edcula Iberoamericana de Ficci\u00f3n<\/strong><br \/>\n<em>Campeones<\/em>\u00a0(Espa\u00f1a)<br \/>\n<em>La noche de 12 a\u00f1os\u00a0<\/em>(Espa\u00f1a, Argentina, Uruguay)<br \/>\n<em>P\u00e1jaros de verano<\/em>\u00a0(Colombia, M\u00e9xico)<br \/>\n<strong><em>Roma<\/em>\u00a0 (M\u00e9xico) \u2013 GANADORA<\/strong><\/p>\n<\/div>\n<\/div>\n","protected":false},"excerpt":{"rendered":"<p>Por segundo a\u00f1o consecutivo, la Riviera Maya mexicana recibi\u00f3 a lo mejor del cine Iberoamericano.\u00a0 \u00abRoma\u00bb, del mexicano Alfonso Cuar\u00f3n, que lo acredit\u00f3 en los Oscar como mejor director, se alz\u00f3 este domingo como la m\u00e1xima ganadora en la sexta edici\u00f3n de los Premios Platino del Cine Iberoamericano\u00a0al acreditarse cinco estatuillas,incluidas la de\u00a0mejor pel\u00edcula de [&hellip;]<\/p>\n","protected":false},"author":1,"featured_media":63841,"comment_status":"closed","ping_status":"closed","sticky":false,"template":"","format":"standard","meta":{"_seopress_robots_primary_cat":"","_seopress_titles_title":"","_seopress_titles_desc":"","_seopress_robots_index":"","footnotes":""},"categories":[3],"tags":[23731,23730],"class_list":{"0":"post-63840","1":"post","2":"type-post","3":"status-publish","4":"format-standard","5":"has-post-thumbnail","7":"category-cine-y-series","8":"tag-ganadores-de-los-premios-platino-2019","9":"tag-premios-platino-2019"},"_links":{"self":[{"href":"https:\/\/www.cordobatimes.com\/showup\/wp-json\/wp\/v2\/posts\/63840","targetHints":{"allow":["GET"]}}],"collection":[{"href":"https:\/\/www.cordobatimes.com\/showup\/wp-json\/wp\/v2\/posts"}],"about":[{"href":"https:\/\/www.cordobatimes.com\/showup\/wp-json\/wp\/v2\/types\/post"}],"author":[{"embeddable":true,"href":"https:\/\/www.cordobatimes.com\/showup\/wp-json\/wp\/v2\/users\/1"}],"replies":[{"embeddable":true,"href":"https:\/\/www.cordobatimes.com\/showup\/wp-json\/wp\/v2\/comments?post=63840"}],"version-history":[{"count":0,"href":"https:\/\/www.cordobatimes.com\/showup\/wp-json\/wp\/v2\/posts\/63840\/revisions"}],"wp:featuredmedia":[{"embeddable":true,"href":"https:\/\/www.cordobatimes.com\/showup\/wp-json\/wp\/v2\/media\/63841"}],"wp:attachment":[{"href":"https:\/\/www.cordobatimes.com\/showup\/wp-json\/wp\/v2\/media?parent=63840"}],"wp:term":[{"taxonomy":"category","embeddable":true,"href":"https:\/\/www.cordobatimes.com\/showup\/wp-json\/wp\/v2\/categories?post=63840"},{"taxonomy":"post_tag","embeddable":true,"href":"https:\/\/www.cordobatimes.com\/showup\/wp-json\/wp\/v2\/tags?post=63840"}],"curies":[{"name":"wp","href":"https:\/\/api.w.org\/{rel}","templated":true}]}}