{"id":63733,"date":"2019-05-10T14:03:13","date_gmt":"2019-05-10T17:03:13","guid":{"rendered":"https:\/\/www.cordobatimes.com\/showup\/?p=63733"},"modified":"2019-05-10T14:03:13","modified_gmt":"2019-05-10T17:03:13","slug":"no-todo-era-color-de-rosa-los-escandalos-ocultos-en-el-elenco-de-el-chavo-del-8","status":"publish","type":"post","link":"https:\/\/www.cordobatimes.com\/showup\/famosos\/2019\/05\/10\/no-todo-era-color-de-rosa-los-escandalos-ocultos-en-el-elenco-de-el-chavo-del-8\/","title":{"rendered":"No todo era color de rosa: los esc\u00e1ndalos ocultos en el elenco de El Chavo del 8"},"content":{"rendered":"<h3><strong>El tiempo ha demostrado que\u00a0la Vecindad del Chavo del 8 no era tan \u201cbonita\u201d como dec\u00eda la canci\u00f3n.\u00a0<\/strong><\/h3>\n<p>&nbsp;<\/p>\n<p>Detr\u00e1s de la popular serie mexicana que entretuvo a grandes y chicos durante a\u00f1os,\u00a0<strong>s<\/strong>e esconde una trama de peleas, romances y rencores.<\/p>\n<p>Muchos de los actores y actrices que en la ficci\u00f3n eran amigos, familia, y se adoraban mutuamente, en realidad estaban enfrentados. Uno de los casos m\u00e1s emblem\u00e1ticos es el de\u00a0Florinda Meza, que interpretaba a Do\u00f1a Florinda, y su colega Mar\u00eda Antonieta de las Nieves, actriz de La Chilindrina.<\/p>\n<p><img alt=\"\" loading=\"lazy\" decoding=\"async\" src=\"https:\/\/www.cordobatimes.com\/showup\/wp-content\/uploads\/2019\/05\/Nombre-7.jpg\" alt=\"\" width=\"843\" height=\"544\" class=\"alignnone size-full wp-image-63735\" srcset=\"https:\/\/www.cordobatimes.com\/showup\/wp-content\/uploads\/2019\/05\/Nombre-7.jpg 843w, https:\/\/www.cordobatimes.com\/showup\/wp-content\/uploads\/2019\/05\/Nombre-7-651x420.jpg 651w, https:\/\/www.cordobatimes.com\/showup\/wp-content\/uploads\/2019\/05\/Nombre-7-768x496.jpg 768w, https:\/\/www.cordobatimes.com\/showup\/wp-content\/uploads\/2019\/05\/Nombre-7-696x449.jpg 696w\" sizes=\"auto, (max-width: 843px) 100vw, 843px\" \/><\/p>\n<p>eza, esposa de Chespirito, fallecido en 2014, no le perdona a su compa\u00f1era que haya abandonado a su esposo y se haya marchado a \u201clucrar\u201d con el personaje de La Chilindrina en circos y en otros programas. Por su parte, Mar\u00eda Antonieta cont\u00f3 en su libro y en programas televisivos que Roberto G\u00f3mez Bola\u00f1os le pagaba muy poco por su trabajo, y Meza se indign\u00f3 por su actitud.<\/p>\n<p>La esposa de G\u00f3mez Bola\u00f1os asegur\u00f3 que no volver\u00eda a trabajar con su ex compa\u00f1era. \u201cYo siempre he dicho que ah\u00ed hay algo reprobable e inmoral, si aparte de ser tu amigo fue quien te hizo estrella me parece una actitud no muy digna pero cada quien con su vida y su conciencia pero, volvernos a juntar para m\u00ed no va\u201d, asegur\u00f3.<\/p>\n<p><img alt=\"\" loading=\"lazy\" decoding=\"async\" src=\"https:\/\/www.cordobatimes.com\/showup\/wp-content\/uploads\/2019\/05\/Nombre-8.jpg\" alt=\"\" width=\"755\" height=\"538\" class=\"alignnone size-full wp-image-63736\" srcset=\"https:\/\/www.cordobatimes.com\/showup\/wp-content\/uploads\/2019\/05\/Nombre-8.jpg 755w, https:\/\/www.cordobatimes.com\/showup\/wp-content\/uploads\/2019\/05\/Nombre-8-589x420.jpg 589w, https:\/\/www.cordobatimes.com\/showup\/wp-content\/uploads\/2019\/05\/Nombre-8-100x70.jpg 100w, https:\/\/www.cordobatimes.com\/showup\/wp-content\/uploads\/2019\/05\/Nombre-8-696x496.jpg 696w\" sizes=\"auto, (max-width: 755px) 100vw, 755px\" \/><\/p>\n<p>Florinda tambi\u00e9n cont\u00f3 que no podr\u00eda volver a encarnar a la mam\u00e1 de Quico, Do\u00f1a Florinda, porque \u201cya no causar\u00eda la misma emoci\u00f3n que en su momento\u201d, pero seg\u00fan ha trascendido, hay otro esc\u00e1ndalo que se esconde en esa relaci\u00f3n.<\/p>\n<p>El actor que interpretaba a su hijo Quico en la ficci\u00f3n, Carlos Villagr\u00e1n, cont\u00f3 que Meza se le declar\u00f3 en varias oportunidades: \u201cMuchas veces dijeron que yo andaba con Florinda; y yo debo decir la verdad, Florinda andaba conmigo. Es dif\u00edcil de creer porque ella me invitaba, me dec\u00eda \u2018ll\u00e9vame al carro\u2019, me invitaba a su casa, todo eso, y fue muy poco, fue una cosa as\u00ed de nada\u201d, record\u00f3.<\/p>\n<p><img alt=\"\" loading=\"lazy\" decoding=\"async\" src=\"https:\/\/www.cordobatimes.com\/showup\/wp-content\/uploads\/2019\/05\/Nombre-9.jpg\" alt=\"\" width=\"767\" height=\"515\" class=\"alignnone size-full wp-image-63737\" srcset=\"https:\/\/www.cordobatimes.com\/showup\/wp-content\/uploads\/2019\/05\/Nombre-9.jpg 767w, https:\/\/www.cordobatimes.com\/showup\/wp-content\/uploads\/2019\/05\/Nombre-9-626x420.jpg 626w, https:\/\/www.cordobatimes.com\/showup\/wp-content\/uploads\/2019\/05\/Nombre-9-696x467.jpg 696w\" sizes=\"auto, (max-width: 767px) 100vw, 767px\" \/><\/p>\n<p>Y a\u00f1adi\u00f3: \u201cLa verdad no s\u00e9 si a fondo estaba enamorada o no, pero anduvimos muy poquito tiempo, una cosa muy leve, y seguimos muchos a\u00f1os grabando el programa. Despu\u00e9s que nosotros cortamos sigui\u00f3 una relaci\u00f3n muy padre, muy buena, de compa\u00f1eros, inclusive con Roberto, no hubo ninguna otra cosa. Pas\u00f3 mucho tiempo, adem\u00e1s, hasta que ellos se enamoraron, se casaron y todo eso, pero \u00e9sa es la \u00fanica verdad\u201d.<\/p>\n<p><img alt=\"\" loading=\"lazy\" decoding=\"async\" src=\"https:\/\/www.cordobatimes.com\/showup\/wp-content\/uploads\/2019\/05\/Nombre-10.jpg\" alt=\"\" width=\"760\" height=\"420\" class=\"alignnone size-full wp-image-63738\" srcset=\"https:\/\/www.cordobatimes.com\/showup\/wp-content\/uploads\/2019\/05\/Nombre-10.jpg 760w, https:\/\/www.cordobatimes.com\/showup\/wp-content\/uploads\/2019\/05\/Nombre-10-750x414.jpg 750w, https:\/\/www.cordobatimes.com\/showup\/wp-content\/uploads\/2019\/05\/Nombre-10-696x385.jpg 696w\" sizes=\"auto, (max-width: 760px) 100vw, 760px\" \/><\/p>\n","protected":false},"excerpt":{"rendered":"<p>El tiempo ha demostrado que\u00a0la Vecindad del Chavo del 8 no era tan \u201cbonita\u201d como dec\u00eda la canci\u00f3n.\u00a0 &nbsp; Detr\u00e1s de la popular serie mexicana que entretuvo a grandes y chicos durante a\u00f1os,\u00a0se esconde una trama de peleas, romances y rencores. Muchos de los actores y actrices que en la ficci\u00f3n eran amigos, familia, y [&hellip;]<\/p>\n","protected":false},"author":1,"featured_media":63734,"comment_status":"closed","ping_status":"closed","sticky":false,"template":"","format":"standard","meta":{"_seopress_robots_primary_cat":"","_seopress_titles_title":"","_seopress_titles_desc":"","_seopress_robots_index":"","footnotes":""},"categories":[4],"tags":[2342,23678],"class_list":{"0":"post-63733","1":"post","2":"type-post","3":"status-publish","4":"format-standard","5":"has-post-thumbnail","7":"category-famosos","8":"tag-el-chavo-del-8","9":"tag-elenco-de-el-chavo-del-8"},"_links":{"self":[{"href":"https:\/\/www.cordobatimes.com\/showup\/wp-json\/wp\/v2\/posts\/63733","targetHints":{"allow":["GET"]}}],"collection":[{"href":"https:\/\/www.cordobatimes.com\/showup\/wp-json\/wp\/v2\/posts"}],"about":[{"href":"https:\/\/www.cordobatimes.com\/showup\/wp-json\/wp\/v2\/types\/post"}],"author":[{"embeddable":true,"href":"https:\/\/www.cordobatimes.com\/showup\/wp-json\/wp\/v2\/users\/1"}],"replies":[{"embeddable":true,"href":"https:\/\/www.cordobatimes.com\/showup\/wp-json\/wp\/v2\/comments?post=63733"}],"version-history":[{"count":0,"href":"https:\/\/www.cordobatimes.com\/showup\/wp-json\/wp\/v2\/posts\/63733\/revisions"}],"wp:featuredmedia":[{"embeddable":true,"href":"https:\/\/www.cordobatimes.com\/showup\/wp-json\/wp\/v2\/media\/63734"}],"wp:attachment":[{"href":"https:\/\/www.cordobatimes.com\/showup\/wp-json\/wp\/v2\/media?parent=63733"}],"wp:term":[{"taxonomy":"category","embeddable":true,"href":"https:\/\/www.cordobatimes.com\/showup\/wp-json\/wp\/v2\/categories?post=63733"},{"taxonomy":"post_tag","embeddable":true,"href":"https:\/\/www.cordobatimes.com\/showup\/wp-json\/wp\/v2\/tags?post=63733"}],"curies":[{"name":"wp","href":"https:\/\/api.w.org\/{rel}","templated":true}]}}