{"id":63716,"date":"2019-05-10T09:42:29","date_gmt":"2019-05-10T12:42:29","guid":{"rendered":"https:\/\/www.cordobatimes.com\/showup\/?p=63716"},"modified":"2019-05-10T09:42:29","modified_gmt":"2019-05-10T12:42:29","slug":"ya-salio-el-trailer-de-it-2","status":"publish","type":"post","link":"https:\/\/www.cordobatimes.com\/showup\/cine-y-series\/2019\/05\/10\/ya-salio-el-trailer-de-it-2\/","title":{"rendered":"Ya  sali\u00f3 el  tr\u00e1iler de \u00abIt 2\u00bb"},"content":{"rendered":"<h3><strong>Se lanz\u00f3 el primer tr\u00e1iler oficial de\u00a0It 2, con una intensa escena protagonizada por Jessica Chastain.<\/strong><\/h3>\n<p>La expectativa es grande, y ya hay tr\u00e1iler: It 2 del argentino Andy Muschietti es la segunda parte de la exitosa adaptaci\u00f3n al cine de la novela de terror de Stephen King de 2017. Esta vez el filme reunir\u00e1 al Club de los Perdedores en versi\u00f3n adultos, tres d\u00e9cadas despu\u00e9s de lo acontecido en la primera pel\u00edcula. El elenco est\u00e1 conformado por Bill Skarsg\u00e5rd, Jessica Chastain (que tiene el mayor protagonismo del tr\u00e1iler), James McAvoy, Bill Hader, Finn Wolfhard y Jaeden Lieberher, y la fecha de estreno programada es el 5 de septiembre de este a\u00f1o.<\/p>\n<p><iframe loading=\"lazy\" width=\"560\" height=\"315\" src=\"https:\/\/www.youtube.com\/embed\/eI8Egi5ebQ4\" frameborder=\"0\" allow=\"accelerometer; autoplay; encrypted-media; gyroscope; picture-in-picture\" allowfullscreen><\/iframe><\/p>\n","protected":false},"excerpt":{"rendered":"<p>Se lanz\u00f3 el primer tr\u00e1iler oficial de\u00a0It 2, con una intensa escena protagonizada por Jessica Chastain. La expectativa es grande, y ya hay tr\u00e1iler: It 2 del argentino Andy Muschietti es la segunda parte de la exitosa adaptaci\u00f3n al cine de la novela de terror de Stephen King de 2017. Esta vez el filme reunir\u00e1 [&hellip;]<\/p>\n","protected":false},"author":1,"featured_media":63717,"comment_status":"closed","ping_status":"closed","sticky":false,"template":"","format":"standard","meta":{"_seopress_robots_primary_cat":"","_seopress_titles_title":"","_seopress_titles_desc":"","_seopress_robots_index":"","footnotes":""},"categories":[3],"tags":[19282,23671],"class_list":{"0":"post-63716","1":"post","2":"type-post","3":"status-publish","4":"format-standard","5":"has-post-thumbnail","7":"category-cine-y-series","8":"tag-it-2","9":"tag-trailer-de-it-2"},"_links":{"self":[{"href":"https:\/\/www.cordobatimes.com\/showup\/wp-json\/wp\/v2\/posts\/63716","targetHints":{"allow":["GET"]}}],"collection":[{"href":"https:\/\/www.cordobatimes.com\/showup\/wp-json\/wp\/v2\/posts"}],"about":[{"href":"https:\/\/www.cordobatimes.com\/showup\/wp-json\/wp\/v2\/types\/post"}],"author":[{"embeddable":true,"href":"https:\/\/www.cordobatimes.com\/showup\/wp-json\/wp\/v2\/users\/1"}],"replies":[{"embeddable":true,"href":"https:\/\/www.cordobatimes.com\/showup\/wp-json\/wp\/v2\/comments?post=63716"}],"version-history":[{"count":0,"href":"https:\/\/www.cordobatimes.com\/showup\/wp-json\/wp\/v2\/posts\/63716\/revisions"}],"wp:featuredmedia":[{"embeddable":true,"href":"https:\/\/www.cordobatimes.com\/showup\/wp-json\/wp\/v2\/media\/63717"}],"wp:attachment":[{"href":"https:\/\/www.cordobatimes.com\/showup\/wp-json\/wp\/v2\/media?parent=63716"}],"wp:term":[{"taxonomy":"category","embeddable":true,"href":"https:\/\/www.cordobatimes.com\/showup\/wp-json\/wp\/v2\/categories?post=63716"},{"taxonomy":"post_tag","embeddable":true,"href":"https:\/\/www.cordobatimes.com\/showup\/wp-json\/wp\/v2\/tags?post=63716"}],"curies":[{"name":"wp","href":"https:\/\/api.w.org\/{rel}","templated":true}]}}