{"id":63595,"date":"2019-05-06T10:32:06","date_gmt":"2019-05-06T13:32:06","guid":{"rendered":"https:\/\/www.cordobatimes.com\/showup\/?p=63595"},"modified":"2019-05-06T10:32:06","modified_gmt":"2019-05-06T13:32:06","slug":"i-rise-la-nueva-cancion-de-madonna","status":"publish","type":"post","link":"https:\/\/www.cordobatimes.com\/showup\/musica\/2019\/05\/06\/i-rise-la-nueva-cancion-de-madonna\/","title":{"rendered":"\u201cI rise\u201d la nueva canci\u00f3n  de Madonna"},"content":{"rendered":"<h3><strong>La reina del pop lanz\u00f3 su segunda canci\u00f3n luego de que se conociera su tema Medell\u00edn junto a Maluma.\u00a0<\/strong><\/h3>\n<p>El nuevo disco de Madonna titulado Madame X se publicar\u00e1 el 14 de junio, pero ya se van conociendo dos temas muy distintos entre s\u00ed.<\/p>\n<p>El primer corte fue Medell\u00edn, grabado a dueto con Maluma y el segundo se llama I rise y se filtr\u00f3 en las redes en las \u00faltimas horas, por lo que todav\u00eda no hay video oficial.<\/p>\n<p><iframe loading=\"lazy\" width=\"560\" height=\"315\" src=\"https:\/\/www.youtube.com\/embed\/eqneqHdELr8\" frameborder=\"0\" allow=\"accelerometer; autoplay; encrypted-media; gyroscope; picture-in-picture\" allowfullscreen><\/iframe><\/p>\n","protected":false},"excerpt":{"rendered":"<p>La reina del pop lanz\u00f3 su segunda canci\u00f3n luego de que se conociera su tema Medell\u00edn junto a Maluma.\u00a0 El nuevo disco de Madonna titulado Madame X se publicar\u00e1 el 14 de junio, pero ya se van conociendo dos temas muy distintos entre s\u00ed. El primer corte fue Medell\u00edn, grabado a dueto con Maluma y [&hellip;]<\/p>\n","protected":false},"author":1,"featured_media":63596,"comment_status":"closed","ping_status":"closed","sticky":false,"template":"","format":"standard","meta":{"_seopress_robots_primary_cat":"","_seopress_titles_title":"","_seopress_titles_desc":"","_seopress_robots_index":"","footnotes":""},"categories":[5],"tags":[23640,23641],"class_list":{"0":"post-63595","1":"post","2":"type-post","3":"status-publish","4":"format-standard","5":"has-post-thumbnail","7":"category-musica","8":"tag-i-rise","9":"tag-madonna-i-rise"},"_links":{"self":[{"href":"https:\/\/www.cordobatimes.com\/showup\/wp-json\/wp\/v2\/posts\/63595","targetHints":{"allow":["GET"]}}],"collection":[{"href":"https:\/\/www.cordobatimes.com\/showup\/wp-json\/wp\/v2\/posts"}],"about":[{"href":"https:\/\/www.cordobatimes.com\/showup\/wp-json\/wp\/v2\/types\/post"}],"author":[{"embeddable":true,"href":"https:\/\/www.cordobatimes.com\/showup\/wp-json\/wp\/v2\/users\/1"}],"replies":[{"embeddable":true,"href":"https:\/\/www.cordobatimes.com\/showup\/wp-json\/wp\/v2\/comments?post=63595"}],"version-history":[{"count":0,"href":"https:\/\/www.cordobatimes.com\/showup\/wp-json\/wp\/v2\/posts\/63595\/revisions"}],"wp:featuredmedia":[{"embeddable":true,"href":"https:\/\/www.cordobatimes.com\/showup\/wp-json\/wp\/v2\/media\/63596"}],"wp:attachment":[{"href":"https:\/\/www.cordobatimes.com\/showup\/wp-json\/wp\/v2\/media?parent=63595"}],"wp:term":[{"taxonomy":"category","embeddable":true,"href":"https:\/\/www.cordobatimes.com\/showup\/wp-json\/wp\/v2\/categories?post=63595"},{"taxonomy":"post_tag","embeddable":true,"href":"https:\/\/www.cordobatimes.com\/showup\/wp-json\/wp\/v2\/tags?post=63595"}],"curies":[{"name":"wp","href":"https:\/\/api.w.org\/{rel}","templated":true}]}}