{"id":63588,"date":"2019-05-06T09:56:41","date_gmt":"2019-05-06T12:56:41","guid":{"rendered":"https:\/\/www.cordobatimes.com\/showup\/?p=63588"},"modified":"2019-05-06T09:56:41","modified_gmt":"2019-05-06T12:56:41","slug":"ganadores-del-festival-de-cine-de-cosquin-2019","status":"publish","type":"post","link":"https:\/\/www.cordobatimes.com\/showup\/cine-y-series\/2019\/05\/06\/ganadores-del-festival-de-cine-de-cosquin-2019\/","title":{"rendered":"Ganadores del Festival de Cine de Cosqu\u00edn 2019"},"content":{"rendered":"<h3>\u00a0<strong>Pel\u00edculas premiadas en la novena edici\u00f3n del festival que se realiza en Cosqu\u00edn.<\/strong><\/h3>\n<p>En una emotiva ceremonia en el teatro El Alma Encantada, se dieron a conocer los ganadores de la novena edici\u00f3n del festival cosco\u00edno de cine.<\/p>\n<p>Carmen Guarini, la cineasta argentina que cont\u00f3 con uno de los focos en esta edici\u00f3n, fue quien inaugur\u00f3 la ceremonia recibiendo un reconocimiento por su participaci\u00f3n y trayectoria.<\/p>\n<h3 class=\"SubTitulo\"><strong>Premios oficiales<\/strong><\/h3>\n<p>En la Competencia de Largometrajes,<strong>\u00a0Sol Alegr\u00eda<\/strong>\u00a0de Tavinho Teixeira se alz\u00f3 con el premio a la mejor pel\u00edcula. El jurado adem\u00e1s destac\u00f3 con menciones a Construcciones de Fernand Restelli y<strong>\u00a0Lluvia de Jaulas<\/strong>\u00a0de C\u00e9sar Gonzalez.<\/p>\n<p>En la Competencia de Cortometrajes, el galard\u00f3n fue para\u00a0<strong>Las dos ejecuciones del Mariscal,<\/strong>\u00a0de Radu Jude, mientras que\u00a0<strong>Blue Boy<\/strong>\u00a0de Manuel Abramovich obtuvo una menci\u00f3n especial.<\/p>\n<p>Los ganadores de la competencia Cortos de Escuela fueron\u00a0<strong>Coronados<\/strong>\u00a0de Josefina Alen y Abril Lucini.\u00a0<strong>Para probar que realmente existimos<\/strong>, de In\u00e9s Villanueva, recibi\u00f3 una menci\u00f3n especial.<\/p>\n<h3><strong>Premios no oficiales<\/strong><\/h3>\n<p>Entre los premios no oficiales, APAC (Asociaci\u00f3n de Productores Audiovisuales de C\u00f3rdoba) premi\u00f3 a Construcciones, de Fernando Restelli, como mejor largometraje, y a Hombre Bajo la Lluvia, de Mar\u00eda Aparicio, como mejor cortometraje.<\/p>\n<p>RAFMA premi\u00f3 a Mientras las olas de Delfina Gavalda y Carmen Rivoira, mientras que Cine.ar destac\u00f3 a Coronados de Josefina Alen y Abril Lucini, como mejor corto de la competencia Cortos de Escuela.<\/p>\n<p>La mejor pel\u00edcula seg\u00fan la Asociaci\u00f3n de Cronistas Cinematogr\u00e1ficos de la Argentina fue para Lluvia de Jaulas, de C\u00e9sar Gonz\u00e1lez.<\/p>\n<p>Sol Alegr\u00eda de Tavinho Teixeira, recibi\u00f3 el premio DEC (Distribuci\u00f3n y exhibici\u00f3n de contenidos). Finalmente, el premio del p\u00fablico Confiter\u00eda La Europea fue para Construcciones, de Fernando Restelli, y el premio Gracias por venir, que otorga el staff del FICIC fue para Pini Reinaud. <\/p>\n<p>Programaci\u00f3n domingo 5 de mayo: <\/p>\n<p>15:00 Microcine<\/p>\n<p>(Cine 16 mm)<\/p>\n<p>El cura gaucho<\/p>\n<p>Dir. Lucas Demare \/ 82 min \/ Argentina<\/p>\n<p>16:00 Cinema<\/p>\n<p>(Restrospectiva)<\/p>\n<p>Meykinof<\/p>\n<p>Dir. Carmen Guarini \/ 65 min \/ Argentina<\/p>\n<p>17.00 Microcine<\/p>\n<p>(Restrospectiva)<\/p>\n<p>Cortometrajes  Dir. Andr\u00e9 Novais Oliveira<\/p>\n<p>Domingo \/ 11 min \/ Brasil<\/p>\n<p>Fantasmas \/ 11 min \/ Brasil<\/p>\n<p>Pouco mais de um mes \/ 23 min \/ Brasil<\/p>\n<p>Quintal \/ 20min \/ Brasil <\/p>\n<p>18:00 Cinema<\/p>\n<p>Pel\u00edculas ganadoras<\/p>\n<p>18.30 Microcine<\/p>\n<p>(Pel\u00edcula de cierre)<\/p>\n<p>Los hip\u00f3critas<\/p>\n<p>Dir. Santiago Sgarlatta &#8211; Carlos Trioni \/ 70 min \/ Argentina<\/p>\n<p>20.30 Microcine<\/p>\n<p>(Cine 16 mm)<\/p>\n<p>Yo mat\u00e9 a Facundo<\/p>\n<p>Dir. Hugo del Carril \/ 90 min \/ Argentina<\/p>\n","protected":false},"excerpt":{"rendered":"<p>\u00a0Pel\u00edculas premiadas en la novena edici\u00f3n del festival que se realiza en Cosqu\u00edn. En una emotiva ceremonia en el teatro El Alma Encantada, se dieron a conocer los ganadores de la novena edici\u00f3n del festival cosco\u00edno de cine. Carmen Guarini, la cineasta argentina que cont\u00f3 con uno de los focos en esta edici\u00f3n, fue quien [&hellip;]<\/p>\n","protected":false},"author":1,"featured_media":63589,"comment_status":"closed","ping_status":"closed","sticky":false,"template":"","format":"standard","meta":{"_seopress_robots_primary_cat":"","_seopress_titles_title":"","_seopress_titles_desc":"","_seopress_robots_index":"","footnotes":""},"categories":[3],"tags":[23637],"class_list":{"0":"post-63588","1":"post","2":"type-post","3":"status-publish","4":"format-standard","5":"has-post-thumbnail","7":"category-cine-y-series","8":"tag-festival-de-cine-de-cosquin-2019"},"_links":{"self":[{"href":"https:\/\/www.cordobatimes.com\/showup\/wp-json\/wp\/v2\/posts\/63588","targetHints":{"allow":["GET"]}}],"collection":[{"href":"https:\/\/www.cordobatimes.com\/showup\/wp-json\/wp\/v2\/posts"}],"about":[{"href":"https:\/\/www.cordobatimes.com\/showup\/wp-json\/wp\/v2\/types\/post"}],"author":[{"embeddable":true,"href":"https:\/\/www.cordobatimes.com\/showup\/wp-json\/wp\/v2\/users\/1"}],"replies":[{"embeddable":true,"href":"https:\/\/www.cordobatimes.com\/showup\/wp-json\/wp\/v2\/comments?post=63588"}],"version-history":[{"count":0,"href":"https:\/\/www.cordobatimes.com\/showup\/wp-json\/wp\/v2\/posts\/63588\/revisions"}],"wp:featuredmedia":[{"embeddable":true,"href":"https:\/\/www.cordobatimes.com\/showup\/wp-json\/wp\/v2\/media\/63589"}],"wp:attachment":[{"href":"https:\/\/www.cordobatimes.com\/showup\/wp-json\/wp\/v2\/media?parent=63588"}],"wp:term":[{"taxonomy":"category","embeddable":true,"href":"https:\/\/www.cordobatimes.com\/showup\/wp-json\/wp\/v2\/categories?post=63588"},{"taxonomy":"post_tag","embeddable":true,"href":"https:\/\/www.cordobatimes.com\/showup\/wp-json\/wp\/v2\/tags?post=63588"}],"curies":[{"name":"wp","href":"https:\/\/api.w.org\/{rel}","templated":true}]}}